{"id":270563,"date":"2023-01-04T14:40:47","date_gmt":"2023-01-04T12:40:47","guid":{"rendered":"http:\/\/107.6.182.27\/tr\/?p=270563"},"modified":"2023-01-07T08:27:02","modified_gmt":"2023-01-07T06:27:02","slug":"sosyal-isler-ve-calisma-bakanligi-ile-ulusal-mikrofinans-bankasi-arasinda-mutabakat-zapti","status":"publish","type":"post","link":"https:\/\/archive.sana.sy\/tr\/?p=270563","title":{"rendered":"Sosyal \u0130\u015fler ve \u00c7al\u0131\u015fma Bakanl\u0131\u011f\u0131 \u0130le Ulusal Mikrofinans Bankas\u0131 Aras\u0131nda Mutabakat Zapt\u0131"},"content":{"rendered":"<p><strong>\u015eAM \u2013<\/strong> Sosyal \u0130\u015fler ve \u00c7al\u0131\u015fma Bakanl\u0131\u011f\u0131, proje sahiplerinin s\u00fcrd\u00fcr\u00fclebilir ve artan gelir elde etmelerine katk\u0131da bulunan k\u00fc\u00e7\u00fck ve mikro projelerin kurulmas\u0131 i\u00e7in uygun finansman sa\u011flamak amac\u0131yla Ulusal Mikrofinans Bankas\u0131 ile bir mutabakat zapt\u0131 imzalad\u0131.<\/p>\n<p>Mutabakat Zapt\u0131, Sosyal \u0130\u015fler ve \u00c7al\u0131\u015fma Bakan\u0131 Muhammed Seyf El Din ile Banka \u0130cra Direkt\u00f6r\u00fc Muhammed Munir Harun taraf\u0131ndan Bakanl\u0131k binas\u0131nda imzaland\u0131.<\/p>\n<p>Mutabakat Zapt\u0131, en muhta\u00e7 gruplara sunulan finansman pencerelerini geni\u015fletmeyi ve yararlan\u0131c\u0131lar\u0131n finansman f\u0131rsatlar\u0131 elde etmelerine ve gelirlerini elde etmede kendilerine olan g\u00fcvenlerini art\u0131rmalar\u0131na olanak sa\u011flamay\u0131 ama\u00e7lamaktad\u0131r.<\/p>\n<p>Mutabakat Zapt\u0131 ayn\u0131 zamanda i\u015fg\u00fcc\u00fc piyasas\u0131n\u0131n ihtiya\u00e7 duydu\u011fu temel mesleklerde (elektrik, mekanik, elektronik, marangozluk, demircilik ve diki\u015f) dahil olmak \u00fczere \u00e7e\u015fitli mesleklerde kursiyerleri destekleyerek vas\u0131fl\u0131 i\u015f\u00e7i eksikli\u011finin giderilmesine katk\u0131da bulunmay\u0131 ama\u00e7lamaktad\u0131r.<\/p>\n<p><a href=\"https:\/\/t.me\/SuriyeArapHaberAjansI\">Telgram Kanal\u0131m\u0131z\u00a0<\/a><\/p>\n<p><a href=\"https:\/\/www.facebook.com\/SANAHaberAjansi\/\">Facebook Sayfam\u0131z<\/a><\/p>\n","protected":false},"excerpt":{"rendered":"<p>\u015eAM \u2013 Sosyal \u0130\u015fler ve \u00c7al\u0131\u015fma Bakanl\u0131\u011f\u0131, proje sahiplerinin s\u00fcrd\u00fcr\u00fclebilir ve artan gelir elde etmelerine katk\u0131da bulunan k\u00fc\u00e7\u00fck ve mikro projelerin kurulmas\u0131 i\u00e7in uygun finansman sa\u011flamak amac\u0131yla Ulusal Mikrofinans Bankas\u0131 ile bir mutabakat zapt\u0131 imzalad\u0131. Mutabakat Zapt\u0131, Sosyal \u0130\u015fler ve \u00c7al\u0131\u015fma Bakan\u0131 Muhammed Seyf El Din ile Banka \u0130cra Direkt\u00f6r\u00fc Muhammed Munir Harun taraf\u0131ndan Bakanl\u0131k &hellip;<\/p>\n","protected":false},"author":36,"featured_media":270564,"comment_status":"closed","ping_status":"closed","sticky":false,"template":"","format":"standard","meta":{"footnotes":""},"categories":[485,479,486,17988,478],"tags":[],"class_list":["post-270563","post","type-post","status-publish","format-standard","has-post-thumbnail","","category-is-ve-sermaye","category-haberler-yerel","category-haberler-is-ve-sermaye","category-son-haberler","category-yerel"],"_links":{"self":[{"href":"https:\/\/archive.sana.sy\/tr\/index.php?rest_route=\/wp\/v2\/posts\/270563","targetHints":{"allow":["GET"]}}],"collection":[{"href":"https:\/\/archive.sana.sy\/tr\/index.php?rest_route=\/wp\/v2\/posts"}],"about":[{"href":"https:\/\/archive.sana.sy\/tr\/index.php?rest_route=\/wp\/v2\/types\/post"}],"author":[{"embeddable":true,"href":"https:\/\/archive.sana.sy\/tr\/index.php?rest_route=\/wp\/v2\/users\/36"}],"replies":[{"embeddable":true,"href":"https:\/\/archive.sana.sy\/tr\/index.php?rest_route=%2Fwp%2Fv2%2Fcomments&post=270563"}],"version-history":[{"count":0,"href":"https:\/\/archive.sana.sy\/tr\/index.php?rest_route=\/wp\/v2\/posts\/270563\/revisions"}],"wp:featuredmedia":[{"embeddable":true,"href":"https:\/\/archive.sana.sy\/tr\/index.php?rest_route=\/wp\/v2\/media\/270564"}],"wp:attachment":[{"href":"https:\/\/archive.sana.sy\/tr\/index.php?rest_route=%2Fwp%2Fv2%2Fmedia&parent=270563"}],"wp:term":[{"taxonomy":"category","embeddable":true,"href":"https:\/\/archive.sana.sy\/tr\/index.php?rest_route=%2Fwp%2Fv2%2Fcategories&post=270563"},{"taxonomy":"post_tag","embeddable":true,"href":"https:\/\/archive.sana.sy\/tr\/index.php?rest_route=%2Fwp%2Fv2%2Ftags&post=270563"}],"curies":[{"name":"wp","href":"https:\/\/api.w.org\/{rel}","templated":true}]}}