{"id":270566,"date":"2023-01-05T08:30:42","date_gmt":"2023-01-05T06:30:42","guid":{"rendered":"http:\/\/107.6.182.27\/tr\/?p=270566"},"modified":"2023-01-07T08:27:22","modified_gmt":"2023-01-07T06:27:22","slug":"vucic-amerika-avrupa-ve-cindeki-durgunluk-nedeniyle-bu-yil-zor-olacak","status":"publish","type":"post","link":"https:\/\/archive.sana.sy\/tr\/?p=270566","title":{"rendered":"Vucic: Amerika, Avrupa ve \u00c7in&#8217;deki Durgunluk Nedeniyle Bu Y\u0131l Zor Olacak"},"content":{"rendered":"<p><strong>BELGRAD \u2013<\/strong> S\u0131rbistan Cumhurba\u015fkan\u0131 Aleksandar Vucic, ABD, Avrupa Birli\u011fi ve \u00c7in&#8217;deki durgunluk nedeniyle bu y\u0131l\u0131n bir \u00f6ncekinden daha zor ge\u00e7ece\u011fini tahmin etti.<\/p>\n<p>RIA NOVOST\u0130 Ajans\u0131&#8217;na g\u00f6re Vucic bug\u00fcn d\u00fczenledi\u011fi bas\u0131n toplant\u0131s\u0131nda, &#8220;2023 y\u0131l\u0131n\u0131n Avrupa ve k\u00fcresel d\u00fczeyde 2022 y\u0131l\u0131ndan \u00e7ok daha zor olmas\u0131n\u0131 bekliyorum&#8221; dedi.<\/p>\n<p>Amerika ve Avrupa&#8217;n\u0131n bir daralma ve durgunluk i\u00e7inde oldu\u011funa ve S\u0131rbistan&#8217;\u0131n da bu zincirin bir par\u00e7as\u0131 oldu\u011funa dikkat \u00e7ekti.<\/p>\n<p><a href=\"https:\/\/t.me\/SuriyeArapHaberAjansI\">Telgram Kanal\u0131m\u0131z\u00a0<\/a><\/p>\n<p><a href=\"https:\/\/www.facebook.com\/SANAHaberAjansi\/\">Facebook Sayfam\u0131z<\/a><\/p>\n","protected":false},"excerpt":{"rendered":"<p>BELGRAD \u2013 S\u0131rbistan Cumhurba\u015fkan\u0131 Aleksandar Vucic, ABD, Avrupa Birli\u011fi ve \u00c7in&#8217;deki durgunluk nedeniyle bu y\u0131l\u0131n bir \u00f6ncekinden daha zor ge\u00e7ece\u011fini tahmin etti. RIA NOVOST\u0130 Ajans\u0131&#8217;na g\u00f6re Vucic bug\u00fcn d\u00fczenledi\u011fi bas\u0131n toplant\u0131s\u0131nda, &#8220;2023 y\u0131l\u0131n\u0131n Avrupa ve k\u00fcresel d\u00fczeyde 2022 y\u0131l\u0131ndan \u00e7ok daha zor olmas\u0131n\u0131 bekliyorum&#8221; dedi. Amerika ve Avrupa&#8217;n\u0131n bir daralma ve durgunluk i\u00e7inde oldu\u011funa ve &hellip;<\/p>\n","protected":false},"author":36,"featured_media":270567,"comment_status":"closed","ping_status":"closed","sticky":false,"template":"","format":"standard","meta":{"footnotes":""},"categories":[458,459,17988],"tags":[],"class_list":["post-270566","post","type-post","status-publish","format-standard","has-post-thumbnail","","category-dunya1","category-haberler-arap-uluslararasi-politika","category-son-haberler"],"_links":{"self":[{"href":"https:\/\/archive.sana.sy\/tr\/index.php?rest_route=\/wp\/v2\/posts\/270566","targetHints":{"allow":["GET"]}}],"collection":[{"href":"https:\/\/archive.sana.sy\/tr\/index.php?rest_route=\/wp\/v2\/posts"}],"about":[{"href":"https:\/\/archive.sana.sy\/tr\/index.php?rest_route=\/wp\/v2\/types\/post"}],"author":[{"embeddable":true,"href":"https:\/\/archive.sana.sy\/tr\/index.php?rest_route=\/wp\/v2\/users\/36"}],"replies":[{"embeddable":true,"href":"https:\/\/archive.sana.sy\/tr\/index.php?rest_route=%2Fwp%2Fv2%2Fcomments&post=270566"}],"version-history":[{"count":0,"href":"https:\/\/archive.sana.sy\/tr\/index.php?rest_route=\/wp\/v2\/posts\/270566\/revisions"}],"wp:featuredmedia":[{"embeddable":true,"href":"https:\/\/archive.sana.sy\/tr\/index.php?rest_route=\/wp\/v2\/media\/270567"}],"wp:attachment":[{"href":"https:\/\/archive.sana.sy\/tr\/index.php?rest_route=%2Fwp%2Fv2%2Fmedia&parent=270566"}],"wp:term":[{"taxonomy":"category","embeddable":true,"href":"https:\/\/archive.sana.sy\/tr\/index.php?rest_route=%2Fwp%2Fv2%2Fcategories&post=270566"},{"taxonomy":"post_tag","embeddable":true,"href":"https:\/\/archive.sana.sy\/tr\/index.php?rest_route=%2Fwp%2Fv2%2Ftags&post=270566"}],"curies":[{"name":"wp","href":"https:\/\/api.w.org\/{rel}","templated":true}]}}