{"id":27057,"date":"2015-03-21T17:10:49","date_gmt":"2015-03-21T15:10:49","guid":{"rendered":"http:\/\/www.sana.sy\/tr\/?p=27057"},"modified":"2015-03-21T17:38:18","modified_gmt":"2015-03-21T15:38:18","slug":"sivilleri-hedef-alan-teror-saldirisinin-bilancosu-37-sehit-96-yarali","status":"publish","type":"post","link":"https:\/\/archive.sana.sy\/tr\/?p=27057","title":{"rendered":"Sivilleri Hedef Alan Ter\u00f6r Sald\u0131r\u0131s\u0131n\u0131n Bilan\u00e7osu: 37 \u015eehit 96 Yaral\u0131"},"content":{"rendered":"<p>\u0130LLER \u2013 Haseke Kentinde d\u00fcn I\u015e\u0130D&#8217;li intihar eylemcisi iki ter\u00f6ristin b\u00fcy\u00fck miktarda patlay\u0131c\u0131 yerle\u015ftirilmi\u015f iki ara\u00e7la d\u00fczenledikleri iki bombal\u0131 eylemde \u015fehit d\u00fc\u015fenlerin say\u0131s\u0131 37\u2019ye yaral\u0131 say\u0131s\u0131 da 96\u2019ya y\u00fckseldi.<\/p>\n<p>Emniyet M\u00fcd\u00fcrl\u00fc\u011f\u00fcnden bir kaynak; Haseke Kentinin \u015eehitler Meydan\u0131nda Nevroz kutlamalar\u0131 esnas\u0131nda hain ve gaddarca d\u00fczenlenen iki bombal\u0131 sald\u0131r\u0131da \u015fehit ve yaral\u0131 d\u00fc\u015fenlerin \u00e7o\u011fu \u00e7ocuk ve kad\u0131nlardan olu\u015fan 37 \u015fehit ve 96 yaral\u0131 oldu\u011funu a\u00e7\u0131klad\u0131.<\/p>\n<p>Kaynak, kentteki hastanelere kald\u0131r\u0131lan\u00a0yaral\u0131lardan 20\u2019sinin durumunun a\u011f\u0131r olmas\u0131ndan dolay\u0131 \u015fehit say\u0131s\u0131n\u0131n y\u00fckselebilece\u011fine i\u015faret etti.<\/p>\n<p><span style=\"color: #0000ff\">Masum Sivilleri Gaddarca Hedef Alan Ter\u00f6r Sald\u0131r\u0131s\u0131 K\u0131nand\u0131<\/span><\/p>\n<p>Halk Meclisi Haseke Kentinde Nevroz kutlamalar\u0131 s\u0131ras\u0131nda masum insanlar\u0131 hedef alan iki bombal\u0131 ter\u00f6r sald\u0131r\u0131s\u0131n\u0131 en keskin ibarelerle k\u0131nad\u0131.<\/p>\n<p>Meclis geneli \u00e7ocuk ve kad\u0131nlardan onlarca ki\u015finin kurban gitti\u011fi bu ter\u00f6r sald\u0131r\u0131s\u0131n\u0131 insanl\u0131k d\u0131\u015f\u0131 bir vah\u015fet olarak nitelendirirken; bunu ger\u00e7ekle\u015ftiren ter\u00f6r \u00e7eteleri ve onlar\u0131 destekleyen devlet rejimlerinin vah\u015fetini g\u00fcn \u0131\u015f\u0131\u011f\u0131 gibi ortaya koydu\u011funa vurgu yapt\u0131.<\/p>\n<p><span style=\"color: #0000ff\">Kabine: Bu Gibi Korkak Hedefler Amac\u0131na Ula\u015famayacak<\/span><\/p>\n<p>Haseke Kentinde masum sivilleri\u0131 vah\u015fice hedef alan bombal\u0131 ter\u00f6r sald\u0131r\u0131lar\u0131n\u0131 \u015fiddetle k\u0131nayan kabine; bu gibi korkak ve hain eylemlerin Suriyelilerin vatan ve ordusu etraf\u0131nda kenetlenmeleriyle birlikte ter\u00f6re kar\u015f\u0131 m\u00fccadele azimlerini artt\u0131raca\u011f\u0131n\u0131 ifade etti.<\/p>\n<p>Ba\u015fbakan Vail el Halaki kabine ad\u0131na yay\u0131nlad\u0131\u011f\u0131 beyanda; Suriyelilerin sevin\u00e7lerini ve ya\u015fam sevgilerini katletmeyi hedefleyen bu \u00e7irkef eylemlerin amac\u0131na ula\u015famayaca\u011f\u0131n\u0131, Suriyelilerin ter\u00f6r \u00e7eteleri ve destek\u00e7ilerine kar\u015f\u0131 zafer kazanma kararl\u0131l\u0131\u011f\u0131nda olduklar\u0131n\u0131n alt\u0131n\u0131 \u00e7izdi.<\/p>\n<p><img loading=\"lazy\" decoding=\"async\" class=\"alignright size-full wp-image-27061\" src=\"http:\/\/www.sana.sy\/tr\/wp-content\/uploads\/2015\/03\/Hasekede-Ter\u00f6r-Sald\u0131r\u0131s\u0131-1.jpg\" alt=\"Haseke'de Ter\u00f6r Sald\u0131r\u0131s\u0131 1\" width=\"381\" height=\"203\" srcset=\"https:\/\/archive.sana.sy\/tr\/wp-content\/uploads\/2015\/03\/Hasekede-Ter\u00f6r-Sald\u0131r\u0131s\u0131-1.jpg 381w, https:\/\/archive.sana.sy\/tr\/wp-content\/uploads\/2015\/03\/Hasekede-Ter\u00f6r-Sald\u0131r\u0131s\u0131-1-150x80.jpg 150w, https:\/\/archive.sana.sy\/tr\/wp-content\/uploads\/2015\/03\/Hasekede-Ter\u00f6r-Sald\u0131r\u0131s\u0131-1-300x160.jpg 300w\" sizes=\"auto, (max-width: 381px) 100vw, 381px\" \/><\/p>\n<p>Adalet Bakanl\u0131\u011f\u0131 s\u00f6z konusu \u00e7irkef ter\u00f6r sald\u0131r\u0131s\u0131n\u0131 \u015fiddetle k\u0131nad\u0131\u011f\u0131n\u0131 belirtti.<\/p>\n<p>Bakanl\u0131k yay\u0131nlad\u0131\u011f\u0131 beyanda, bu gibi vah\u015fi eylemleri ger\u00e7ekle\u015ftiren\u00a0caniler ve arkalar\u0131nda duranlar\u0131n adaletten ka\u00e7amayacaklar\u0131n\u0131 ifade etti.<\/p>\n<p>\u015eehit ailelerine taziyelerini ifade eden bakanl\u0131k; yaral\u0131lara da acil \u015fifalar temenni etti.<\/p>\n<p>El Buslama E\u015fraf A\u015firetleri masum sivil vatanda\u015flar\u0131n kurban gitmelerine yol a\u00e7an s\u00f6z konusu ter\u00f6r sald\u0131r\u0131s\u0131n\u0131 k\u0131nad\u0131.<\/p>\n<p>A\u015firetler bildirilerinde ter\u00f6re kar\u015f\u0131 b\u00fct\u00fcn vatanda\u015flar\u0131n kenetlenmesi gerekti\u011fini vurgulad\u0131.<\/p>\n<p><span style=\"color: #0000ff\">K\u00fcrt Ulusal Hareketi Patlamadan Erdo\u011fan \u00c7etelerini Sorumlu Tuttu<\/span><\/p>\n<p>\u00d6te yandan\u00a0K\u00fcrt Ulusal Bar\u0131\u015f\u00e7\u0131l De\u011fi\u015fim\u00a0Hareketi Haseke Kentinde masum sivilleri hedef alan ve sonucunda onlarca vatanda\u015f\u0131n \u015fehi\u00a0t ve yaral\u0131 d\u00fc\u015fmesine yol a\u00e7an korkak ter\u00f6r sald\u0131r\u0131lar\u0131n\u0131\u00a0\u015fiddetle k\u0131nad\u0131.<\/p>\n<p>Hareket yay\u0131nlad\u0131\u011f\u0131 beyanda, s\u00f6z konusu ter\u00f6r sald\u0131r\u0131s\u0131ndan &#8216;mo\u011folist Erdo\u011fan&#8217;\u0131n ter\u00f6r \u00e7etelerini&#8217; sorumlu tuttu. Ter\u00f6ristlere, i\u015fbirlik\u00e7ilerine ve onlar\u0131 finanse edenlere kar\u015f\u0131 azim ve \u0131srarla m\u00fccadele edece\u011fini belirten hareket; eski ve yeni bat\u0131l\u0131 s\u00f6m\u00fcr\u00fcc\u00fcler taraf\u0131ndan destekli barbar ve radikal canilere kar\u015f\u0131 zafer elde edilinceye kadar Suriye ordusu ve Suriyeli b\u00fct\u00fcn onurlu insanlar\u0131n yan\u0131nda duraca\u011f\u0131n\u0131 vurgulad\u0131.<\/p>\n<p>Hareket beyan\u0131nda ayr\u0131ca Nevruz Bayram\u0131 m\u00fcnasebetiyle d\u00fczenlenmesi kararla\u015ft\u0131r\u0131lan kutlamalar\u0131\u00a0iptal etti\u011fini belirtti.<\/p>\n<p><span style=\"color: #0000ff\">BM Genel Sekreteri Ki-Moon Ter\u00f6r Sald\u0131r\u0131s\u0131n\u0131 K\u0131nad\u0131<\/span><\/p>\n<p>\u00d6te yandan Birle\u015fmi\u015f Milletler Genel Sekreteri Ban Ki-moon, d\u00fcn Haseke Kentinde meydana gelen ter\u00f6r sald\u0131r\u0131s\u0131n\u0131 k\u0131nad\u0131.<\/p>\n<p>BM&#8217;nin yay\u0131nlad\u0131\u011f\u0131 beyanda Ki-moon ter\u00f6r sald\u0131r\u0131s\u0131n\u0131 \u201c\u00e7ok ac\u0131l\u0131\u201d olarak nitelendirdi.<\/p>\n<p>A.A. &#8211; S.\u015e<\/p>\n","protected":false},"excerpt":{"rendered":"<p>\u0130LLER \u2013 Haseke Kentinde d\u00fcn I\u015e\u0130D&#8217;li intihar eylemcisi iki ter\u00f6ristin b\u00fcy\u00fck miktarda patlay\u0131c\u0131 yerle\u015ftirilmi\u015f iki ara\u00e7la d\u00fczenledikleri iki bombal\u0131 eylemde \u015fehit d\u00fc\u015fenlerin say\u0131s\u0131 37\u2019ye yaral\u0131 say\u0131s\u0131 da 96\u2019ya y\u00fckseldi. Emniyet M\u00fcd\u00fcrl\u00fc\u011f\u00fcnden bir kaynak; Haseke Kentinin \u015eehitler Meydan\u0131nda Nevroz kutlamalar\u0131 esnas\u0131nda hain ve gaddarca d\u00fczenlenen iki bombal\u0131 sald\u0131r\u0131da \u015fehit ve yaral\u0131 d\u00fc\u015fenlerin \u00e7o\u011fu \u00e7ocuk ve kad\u0131nlardan &hellip;<\/p>\n","protected":false},"author":1,"featured_media":27058,"comment_status":"closed","ping_status":"closed","sticky":false,"template":"","format":"standard","meta":{"footnotes":""},"categories":[479,575,478],"tags":[12750],"class_list":["post-27057","post","type-post","status-publish","format-standard","has-post-thumbnail","","category-haberler-yerel","category-olaylar-ve-gercekler","category-yerel","tag-sivilleri-hedef-alan-teror-saldirisinin-bilancosu-37-sehit-96-yarali"],"_links":{"self":[{"href":"https:\/\/archive.sana.sy\/tr\/index.php?rest_route=\/wp\/v2\/posts\/27057","targetHints":{"allow":["GET"]}}],"collection":[{"href":"https:\/\/archive.sana.sy\/tr\/index.php?rest_route=\/wp\/v2\/posts"}],"about":[{"href":"https:\/\/archive.sana.sy\/tr\/index.php?rest_route=\/wp\/v2\/types\/post"}],"author":[{"embeddable":true,"href":"https:\/\/archive.sana.sy\/tr\/index.php?rest_route=\/wp\/v2\/users\/1"}],"replies":[{"embeddable":true,"href":"https:\/\/archive.sana.sy\/tr\/index.php?rest_route=%2Fwp%2Fv2%2Fcomments&post=27057"}],"version-history":[{"count":0,"href":"https:\/\/archive.sana.sy\/tr\/index.php?rest_route=\/wp\/v2\/posts\/27057\/revisions"}],"wp:featuredmedia":[{"embeddable":true,"href":"https:\/\/archive.sana.sy\/tr\/index.php?rest_route=\/wp\/v2\/media\/27058"}],"wp:attachment":[{"href":"https:\/\/archive.sana.sy\/tr\/index.php?rest_route=%2Fwp%2Fv2%2Fmedia&parent=27057"}],"wp:term":[{"taxonomy":"category","embeddable":true,"href":"https:\/\/archive.sana.sy\/tr\/index.php?rest_route=%2Fwp%2Fv2%2Fcategories&post=27057"},{"taxonomy":"post_tag","embeddable":true,"href":"https:\/\/archive.sana.sy\/tr\/index.php?rest_route=%2Fwp%2Fv2%2Ftags&post=27057"}],"curies":[{"name":"wp","href":"https:\/\/api.w.org\/{rel}","templated":true}]}}