{"id":27064,"date":"2015-03-21T10:12:07","date_gmt":"2015-03-21T08:12:07","guid":{"rendered":"http:\/\/www.sana.sy\/tr\/?p=27064"},"modified":"2015-03-21T10:12:07","modified_gmt":"2015-03-21T08:12:07","slug":"askeri-kaynak-ordu-birliklerimizin-dera-kirsali-semlin-zemrin-ve-el-avsejde-cok-sayida-teroristi-oldurduklerini-soyledi","status":"publish","type":"post","link":"https:\/\/archive.sana.sy\/tr\/?p=27064","title":{"rendered":"Askeri kaynak, ordu birliklerimizin Dera k\u0131rsal\u0131 Semlin, Zemrin ve el Avsej\u2019de \u00e7ok say\u0131da ter\u00f6risti \u00f6ld\u00fcrd\u00fcklerini s\u00f6yledi."},"content":{"rendered":"<p>Askeri kaynak, ordu birliklerimizin Dera k\u0131rsal\u0131 Semlin, Zemrin ve el Avsej\u2019de \u00e7ok say\u0131da ter\u00f6risti \u00f6ld\u00fcrd\u00fcklerini s\u00f6yledi.<\/p>\n","protected":false},"excerpt":{"rendered":"<p>Askeri kaynak, ordu birliklerimizin Dera k\u0131rsal\u0131 Semlin, Zemrin ve el Avsej\u2019de \u00e7ok say\u0131da ter\u00f6risti \u00f6ld\u00fcrd\u00fcklerini s\u00f6yledi.<\/p>\n","protected":false},"author":1,"featured_media":0,"comment_status":"closed","ping_status":"closed","sticky":false,"template":"","format":"standard","meta":{"footnotes":""},"categories":[1],"tags":[1031,12751,12752],"class_list":["post-27064","post","type-post","status-publish","format-standard","","category-news-not-sorted","tag-askeri-kaynak","tag-ordu-birliklerimizin-dera-kirsali-semlin","tag-zemrin-ve-el-avsejde-cok-sayida-teroristi-oldurduklerini-soyledi"],"_links":{"self":[{"href":"https:\/\/archive.sana.sy\/tr\/index.php?rest_route=\/wp\/v2\/posts\/27064","targetHints":{"allow":["GET"]}}],"collection":[{"href":"https:\/\/archive.sana.sy\/tr\/index.php?rest_route=\/wp\/v2\/posts"}],"about":[{"href":"https:\/\/archive.sana.sy\/tr\/index.php?rest_route=\/wp\/v2\/types\/post"}],"author":[{"embeddable":true,"href":"https:\/\/archive.sana.sy\/tr\/index.php?rest_route=\/wp\/v2\/users\/1"}],"replies":[{"embeddable":true,"href":"https:\/\/archive.sana.sy\/tr\/index.php?rest_route=%2Fwp%2Fv2%2Fcomments&post=27064"}],"version-history":[{"count":0,"href":"https:\/\/archive.sana.sy\/tr\/index.php?rest_route=\/wp\/v2\/posts\/27064\/revisions"}],"wp:attachment":[{"href":"https:\/\/archive.sana.sy\/tr\/index.php?rest_route=%2Fwp%2Fv2%2Fmedia&parent=27064"}],"wp:term":[{"taxonomy":"category","embeddable":true,"href":"https:\/\/archive.sana.sy\/tr\/index.php?rest_route=%2Fwp%2Fv2%2Fcategories&post=27064"},{"taxonomy":"post_tag","embeddable":true,"href":"https:\/\/archive.sana.sy\/tr\/index.php?rest_route=%2Fwp%2Fv2%2Ftags&post=27064"}],"curies":[{"name":"wp","href":"https:\/\/api.w.org\/{rel}","templated":true}]}}