{"id":270786,"date":"2023-01-09T10:04:22","date_gmt":"2023-01-09T08:04:22","guid":{"rendered":"http:\/\/107.6.182.27\/tr\/?p=270786"},"modified":"2023-01-10T07:42:59","modified_gmt":"2023-01-10T05:42:59","slug":"israil-isgal-gucleri-tubasta-2-filistinli-yaralandi","status":"publish","type":"post","link":"https:\/\/archive.sana.sy\/tr\/?p=270786","title":{"rendered":"\u0130srail \u0130\u015fgal G\u00fc\u00e7leri, Tubas&#8217;ta 2 Filistinli Yaraland\u0131"},"content":{"rendered":"<p><strong>\u0130\u015eGAL ED\u0130LEN KUD\u00dcS \u2013\u00a0<\/strong>\u0130srail i\u015fgal g\u00fc\u00e7lerinin, Bat\u0131 Yaka&#8217;daki Tubas kentinin kuzeyindeki Akabe beldesine d\u00fczenledi\u011fi bask\u0131nda iki Filistinli gen\u00e7 yaraland\u0131.<\/p>\n<p>Filistinli WAFA Haber Ajans\u0131, i\u015fgal g\u00fc\u00e7lerinin, Akabe beldesi ate\u015f ederek bast\u0131\u011f\u0131n\u0131, iki genci yaralad\u0131\u011f\u0131n\u0131 belirtti.<\/p>\n<p><span style=\"color: #0000ff;\"><a style=\"color: #0000ff;\" href=\"https:\/\/t.me\/SuriyeArapHaberAjansI\">Telgram Kanal\u0131m\u0131z\u00a0<\/a><\/span><\/p>\n<p><span style=\"color: #0000ff;\"><a style=\"color: #0000ff;\" href=\"https:\/\/www.facebook.com\/SANAHaberAjansi\/\">Facebook Sayfam\u0131z<\/a><\/span><\/p>\n","protected":false},"excerpt":{"rendered":"<p>\u0130\u015eGAL ED\u0130LEN KUD\u00dcS \u2013\u00a0\u0130srail i\u015fgal g\u00fc\u00e7lerinin, Bat\u0131 Yaka&#8217;daki Tubas kentinin kuzeyindeki Akabe beldesine d\u00fczenledi\u011fi bask\u0131nda iki Filistinli gen\u00e7 yaraland\u0131. Filistinli WAFA Haber Ajans\u0131, i\u015fgal g\u00fc\u00e7lerinin, Akabe beldesi ate\u015f ederek bast\u0131\u011f\u0131n\u0131, iki genci yaralad\u0131\u011f\u0131n\u0131 belirtti. Telgram Kanal\u0131m\u0131z\u00a0 Facebook Sayfam\u0131z<\/p>\n","protected":false},"author":39,"featured_media":270788,"comment_status":"closed","ping_status":"closed","sticky":false,"template":"","format":"standard","meta":{"footnotes":""},"categories":[458,459,17988],"tags":[],"class_list":["post-270786","post","type-post","status-publish","format-standard","has-post-thumbnail","","category-dunya1","category-haberler-arap-uluslararasi-politika","category-son-haberler"],"_links":{"self":[{"href":"https:\/\/archive.sana.sy\/tr\/index.php?rest_route=\/wp\/v2\/posts\/270786","targetHints":{"allow":["GET"]}}],"collection":[{"href":"https:\/\/archive.sana.sy\/tr\/index.php?rest_route=\/wp\/v2\/posts"}],"about":[{"href":"https:\/\/archive.sana.sy\/tr\/index.php?rest_route=\/wp\/v2\/types\/post"}],"author":[{"embeddable":true,"href":"https:\/\/archive.sana.sy\/tr\/index.php?rest_route=\/wp\/v2\/users\/39"}],"replies":[{"embeddable":true,"href":"https:\/\/archive.sana.sy\/tr\/index.php?rest_route=%2Fwp%2Fv2%2Fcomments&post=270786"}],"version-history":[{"count":0,"href":"https:\/\/archive.sana.sy\/tr\/index.php?rest_route=\/wp\/v2\/posts\/270786\/revisions"}],"wp:featuredmedia":[{"embeddable":true,"href":"https:\/\/archive.sana.sy\/tr\/index.php?rest_route=\/wp\/v2\/media\/270788"}],"wp:attachment":[{"href":"https:\/\/archive.sana.sy\/tr\/index.php?rest_route=%2Fwp%2Fv2%2Fmedia&parent=270786"}],"wp:term":[{"taxonomy":"category","embeddable":true,"href":"https:\/\/archive.sana.sy\/tr\/index.php?rest_route=%2Fwp%2Fv2%2Fcategories&post=270786"},{"taxonomy":"post_tag","embeddable":true,"href":"https:\/\/archive.sana.sy\/tr\/index.php?rest_route=%2Fwp%2Fv2%2Ftags&post=270786"}],"curies":[{"name":"wp","href":"https:\/\/api.w.org\/{rel}","templated":true}]}}