{"id":270790,"date":"2023-01-09T10:35:07","date_gmt":"2023-01-09T08:35:07","guid":{"rendered":"http:\/\/107.6.182.27\/tr\/?p=270790"},"modified":"2023-01-10T07:43:05","modified_gmt":"2023-01-10T05:43:05","slug":"donetsk-bakhmutskoye-beldesinin-kurtarildigini-ilan-etti","status":"publish","type":"post","link":"https:\/\/archive.sana.sy\/tr\/?p=270790","title":{"rendered":"Donetsk, Pakhmutskoye Beldesinin Kurtar\u0131ld\u0131\u011f\u0131n\u0131 \u0130Lan Etti"},"content":{"rendered":"<p><strong>DONETSK<\/strong> \u2013 RIA Novosti&#8217;ye g\u00f6re Donetsk Halk Cumhuriyeti Savunma Komutanl\u0131\u011f\u0131, Artyomovsk b\u00f6lgesinin kuzeydo\u011fusundaki Soledar yak\u0131nlar\u0131nda bulunan Pakhmutskoye beldesinin kurtar\u0131ld\u0131\u011f\u0131n\u0131 ilan etti.<\/p>\n<p>Artyomovsk \u015fehri, Donetsk Cumhuriyeti&#8217;nin Kiev kontrol\u00fcndeki b\u00f6l\u00fcm\u00fcnde, b\u00fcy\u00fck Gorlovka \u015fehrinin kuzeyinde yer al\u0131r ve Donbass&#8217;taki Ukrayna kuvvetleri gruplar\u0131na tedarik sa\u011flamak i\u00e7in \u00f6nemli bir stratejik ula\u015f\u0131m merkezi, bu \u015fehrin i\u00e7inden bir karayolu ve demir yolu a\u011f\u0131 ge\u00e7mektedir.<\/p>\n<p><a href=\"https:\/\/t.me\/SuriyeArapHaberAjansI\"><span style=\"color: #0000ff;\">Telgram Kanal\u0131m\u0131z\u00a0<\/span><\/a><\/p>\n<p><span style=\"color: #0000ff;\"><a style=\"color: #0000ff;\" href=\"https:\/\/www.facebook.com\/SANAHaberAjansi\/\">Facebook Sayfam\u0131z<\/a><\/span><\/p>\n","protected":false},"excerpt":{"rendered":"<p>DONETSK \u2013 RIA Novosti&#8217;ye g\u00f6re Donetsk Halk Cumhuriyeti Savunma Komutanl\u0131\u011f\u0131, Artyomovsk b\u00f6lgesinin kuzeydo\u011fusundaki Soledar yak\u0131nlar\u0131nda bulunan Pakhmutskoye beldesinin kurtar\u0131ld\u0131\u011f\u0131n\u0131 ilan etti. Artyomovsk \u015fehri, Donetsk Cumhuriyeti&#8217;nin Kiev kontrol\u00fcndeki b\u00f6l\u00fcm\u00fcnde, b\u00fcy\u00fck Gorlovka \u015fehrinin kuzeyinde yer al\u0131r ve Donbass&#8217;taki Ukrayna kuvvetleri gruplar\u0131na tedarik sa\u011flamak i\u00e7in \u00f6nemli bir stratejik ula\u015f\u0131m merkezi, bu \u015fehrin i\u00e7inden bir karayolu ve demir yolu &hellip;<\/p>\n","protected":false},"author":39,"featured_media":270792,"comment_status":"closed","ping_status":"closed","sticky":false,"template":"","format":"standard","meta":{"footnotes":""},"categories":[458,459,17988],"tags":[],"class_list":["post-270790","post","type-post","status-publish","format-standard","has-post-thumbnail","","category-dunya1","category-haberler-arap-uluslararasi-politika","category-son-haberler"],"_links":{"self":[{"href":"https:\/\/archive.sana.sy\/tr\/index.php?rest_route=\/wp\/v2\/posts\/270790","targetHints":{"allow":["GET"]}}],"collection":[{"href":"https:\/\/archive.sana.sy\/tr\/index.php?rest_route=\/wp\/v2\/posts"}],"about":[{"href":"https:\/\/archive.sana.sy\/tr\/index.php?rest_route=\/wp\/v2\/types\/post"}],"author":[{"embeddable":true,"href":"https:\/\/archive.sana.sy\/tr\/index.php?rest_route=\/wp\/v2\/users\/39"}],"replies":[{"embeddable":true,"href":"https:\/\/archive.sana.sy\/tr\/index.php?rest_route=%2Fwp%2Fv2%2Fcomments&post=270790"}],"version-history":[{"count":0,"href":"https:\/\/archive.sana.sy\/tr\/index.php?rest_route=\/wp\/v2\/posts\/270790\/revisions"}],"wp:featuredmedia":[{"embeddable":true,"href":"https:\/\/archive.sana.sy\/tr\/index.php?rest_route=\/wp\/v2\/media\/270792"}],"wp:attachment":[{"href":"https:\/\/archive.sana.sy\/tr\/index.php?rest_route=%2Fwp%2Fv2%2Fmedia&parent=270790"}],"wp:term":[{"taxonomy":"category","embeddable":true,"href":"https:\/\/archive.sana.sy\/tr\/index.php?rest_route=%2Fwp%2Fv2%2Fcategories&post=270790"},{"taxonomy":"post_tag","embeddable":true,"href":"https:\/\/archive.sana.sy\/tr\/index.php?rest_route=%2Fwp%2Fv2%2Ftags&post=270790"}],"curies":[{"name":"wp","href":"https:\/\/api.w.org\/{rel}","templated":true}]}}