{"id":270795,"date":"2023-01-09T11:02:36","date_gmt":"2023-01-09T09:02:36","guid":{"rendered":"http:\/\/107.6.182.27\/tr\/?p=270795"},"modified":"2023-01-10T07:43:11","modified_gmt":"2023-01-10T05:43:11","slug":"kanaani-suriye-ve-iran-arasindaki-stratejik-iliskilerin-derinligini-vurguladi","status":"publish","type":"post","link":"https:\/\/archive.sana.sy\/tr\/?p=270795","title":{"rendered":"Kanaani: Suriye ve \u0130ran Aras\u0131ndaki Stratejik \u0130li\u015fkilerin Derinli\u011fini Vurgulad\u0131"},"content":{"rendered":"<p><strong>TAHRAN<\/strong> \u2013 \u0130ran D\u0131\u015fi\u015fleri Bakanl\u0131\u011f\u0131 s\u00f6zc\u00fcs\u00fc Nasser Kanaani, Suriye ve \u0130ran ili\u015fkilerinin stratejik ve tarihi oldu\u011funu vurgulad\u0131.<\/p>\n<p>Kanani, haftal\u0131k bas\u0131n toplant\u0131s\u0131nda, iki \u00fclke aras\u0131ndaki g\u00f6r\u00fc\u015fmelerin yap\u0131c\u0131 oldu\u011funu ve en \u00fcst diplomatik d\u00fczeyde devam etti\u011fini belirtti.<\/p>\n<p>Kanaani, Bat\u0131&#8217;n\u0131n di\u011fer \u00fclkeleri provoke edecek a\u00e7\u0131klamalar yapt\u0131\u011f\u0131n\u0131, \u0130ran&#8217;daki son olaylardan kendi \u00e7\u0131karlar\u0131na hizmet edecek g\u00f6steri\u015f\u00e7i tedbirler almak i\u00e7in kulland\u0131\u011f\u0131na dikkat \u00e7ekti.<\/p>\n<p>Kanaani, \u00fclkesinin d\u0131\u015f diplomasisine ili\u015fkin olarak, \u0130ran&#8217;\u0131n politikas\u0131n\u0131n di\u011fer \u00fclkelerle ili\u015fkileri g\u00fc\u00e7lendirmede tutarl\u0131 oldu\u011funu yineledi.<\/p>\n<p><span style=\"color: #0000ff;\"><a style=\"color: #0000ff;\" href=\"https:\/\/t.me\/SuriyeArapHaberAjansI\">Telgram Kanal\u0131m\u0131z\u00a0<\/a><\/span><\/p>\n<p><a href=\"https:\/\/www.facebook.com\/SANAHaberAjansi\/\"><span style=\"color: #0000ff;\">Facebook Sayfam\u0131<\/span>z<\/a><\/p>\n","protected":false},"excerpt":{"rendered":"<p>TAHRAN \u2013 \u0130ran D\u0131\u015fi\u015fleri Bakanl\u0131\u011f\u0131 s\u00f6zc\u00fcs\u00fc Nasser Kanaani, Suriye ve \u0130ran ili\u015fkilerinin stratejik ve tarihi oldu\u011funu vurgulad\u0131. Kanani, haftal\u0131k bas\u0131n toplant\u0131s\u0131nda, iki \u00fclke aras\u0131ndaki g\u00f6r\u00fc\u015fmelerin yap\u0131c\u0131 oldu\u011funu ve en \u00fcst diplomatik d\u00fczeyde devam etti\u011fini belirtti. Kanaani, Bat\u0131&#8217;n\u0131n di\u011fer \u00fclkeleri provoke edecek a\u00e7\u0131klamalar yapt\u0131\u011f\u0131n\u0131, \u0130ran&#8217;daki son olaylardan kendi \u00e7\u0131karlar\u0131na hizmet edecek g\u00f6steri\u015f\u00e7i tedbirler almak i\u00e7in kulland\u0131\u011f\u0131na &hellip;<\/p>\n","protected":false},"author":39,"featured_media":270796,"comment_status":"closed","ping_status":"closed","sticky":false,"template":"","format":"standard","meta":{"footnotes":""},"categories":[458,459,17988],"tags":[],"class_list":["post-270795","post","type-post","status-publish","format-standard","has-post-thumbnail","","category-dunya1","category-haberler-arap-uluslararasi-politika","category-son-haberler"],"_links":{"self":[{"href":"https:\/\/archive.sana.sy\/tr\/index.php?rest_route=\/wp\/v2\/posts\/270795","targetHints":{"allow":["GET"]}}],"collection":[{"href":"https:\/\/archive.sana.sy\/tr\/index.php?rest_route=\/wp\/v2\/posts"}],"about":[{"href":"https:\/\/archive.sana.sy\/tr\/index.php?rest_route=\/wp\/v2\/types\/post"}],"author":[{"embeddable":true,"href":"https:\/\/archive.sana.sy\/tr\/index.php?rest_route=\/wp\/v2\/users\/39"}],"replies":[{"embeddable":true,"href":"https:\/\/archive.sana.sy\/tr\/index.php?rest_route=%2Fwp%2Fv2%2Fcomments&post=270795"}],"version-history":[{"count":0,"href":"https:\/\/archive.sana.sy\/tr\/index.php?rest_route=\/wp\/v2\/posts\/270795\/revisions"}],"wp:featuredmedia":[{"embeddable":true,"href":"https:\/\/archive.sana.sy\/tr\/index.php?rest_route=\/wp\/v2\/media\/270796"}],"wp:attachment":[{"href":"https:\/\/archive.sana.sy\/tr\/index.php?rest_route=%2Fwp%2Fv2%2Fmedia&parent=270795"}],"wp:term":[{"taxonomy":"category","embeddable":true,"href":"https:\/\/archive.sana.sy\/tr\/index.php?rest_route=%2Fwp%2Fv2%2Fcategories&post=270795"},{"taxonomy":"post_tag","embeddable":true,"href":"https:\/\/archive.sana.sy\/tr\/index.php?rest_route=%2Fwp%2Fv2%2Ftags&post=270795"}],"curies":[{"name":"wp","href":"https:\/\/api.w.org\/{rel}","templated":true}]}}