{"id":270799,"date":"2023-01-09T12:29:27","date_gmt":"2023-01-09T10:29:27","guid":{"rendered":"http:\/\/107.6.182.27\/tr\/?p=270799"},"modified":"2023-01-10T09:09:39","modified_gmt":"2023-01-10T07:09:39","slug":"ukraynadaki-rusya-ozel-askeri-operasyonunun-gelismeleri-63","status":"publish","type":"post","link":"https:\/\/archive.sana.sy\/tr\/?p=270799","title":{"rendered":"Ukrayna\u2019daki Rusya \u00d6zel Askeri Operasyonunun Geli\u015fmeleri"},"content":{"rendered":"<ul>\n<li>Macaristan D\u0131\u015fi\u015fleri Bakan\u0131: Rusya&#8217;n\u0131n Noel ate\u015fkesi ilan etmesi do\u011fru karard\u0131.<\/li>\n<li>Patrushev: Rusya, Ukrayna&#8217;da NATO ile kar\u015f\u0131 kar\u015f\u0131ya geliyor.<\/li>\n<li>Peskov: Bat\u0131&#8217;n\u0131n Ukrayna&#8217;ya silah tedariki hi\u00e7bir \u015feyi de\u011fi\u015ftirmeyecek.<\/li>\n<li>Rus Savunmas\u0131: iki Ukraynal\u0131 sava\u015f u\u00e7a\u011f\u0131 ve bir helikopter d\u00fc\u015f\u00fcr\u00fcld\u00fc.<\/li>\n<li><span style=\"color: #0000ff;\"><a style=\"color: #0000ff;\" href=\"http:\/\/107.6.182.27\/tr\/?p=270811\">Ukrayna Rejim G\u00fc\u00e7leri Donetsk\u2019i 178 F\u00fczeyle Bombalad\u0131.<\/a><\/span><\/li>\n<li><span style=\"color: #0000ff;\"><a style=\"color: #0000ff;\" href=\"http:\/\/107.6.182.27\/tr\/?p=270790\" rel=\"bookmark\">Donetsk, Pakhmutskoye Beldesinin Kurtar\u0131ld\u0131\u011f\u0131n\u0131 \u0130Lan Etti.<\/a><\/span><\/li>\n<\/ul>\n<p><a href=\"https:\/\/t.me\/SuriyeArapHaberAjansI\">Telgram Kanal\u0131m\u0131z\u00a0<\/a><\/p>\n<p><a href=\"https:\/\/www.facebook.com\/SANAHaberAjansi\/\">Facebook Sayfam\u0131z<\/a><\/p>\n","protected":false},"excerpt":{"rendered":"<p>Macaristan D\u0131\u015fi\u015fleri Bakan\u0131: Rusya&#8217;n\u0131n Noel ate\u015fkesi ilan etmesi do\u011fru karard\u0131. Patrushev: Rusya, Ukrayna&#8217;da NATO ile kar\u015f\u0131 kar\u015f\u0131ya geliyor. Peskov: Bat\u0131&#8217;n\u0131n Ukrayna&#8217;ya silah tedariki hi\u00e7bir \u015feyi de\u011fi\u015ftirmeyecek. Rus Savunmas\u0131: iki Ukraynal\u0131 sava\u015f u\u00e7a\u011f\u0131 ve bir helikopter d\u00fc\u015f\u00fcr\u00fcld\u00fc. Ukrayna Rejim G\u00fc\u00e7leri Donetsk\u2019i 178 F\u00fczeyle Bombalad\u0131. Donetsk, Pakhmutskoye Beldesinin Kurtar\u0131ld\u0131\u011f\u0131n\u0131 \u0130Lan Etti. Telgram Kanal\u0131m\u0131z\u00a0 Facebook Sayfam\u0131z<\/p>\n","protected":false},"author":39,"featured_media":270800,"comment_status":"closed","ping_status":"closed","sticky":false,"template":"","format":"standard","meta":{"footnotes":""},"categories":[458,459,17988],"tags":[],"class_list":["post-270799","post","type-post","status-publish","format-standard","has-post-thumbnail","","category-dunya1","category-haberler-arap-uluslararasi-politika","category-son-haberler"],"_links":{"self":[{"href":"https:\/\/archive.sana.sy\/tr\/index.php?rest_route=\/wp\/v2\/posts\/270799","targetHints":{"allow":["GET"]}}],"collection":[{"href":"https:\/\/archive.sana.sy\/tr\/index.php?rest_route=\/wp\/v2\/posts"}],"about":[{"href":"https:\/\/archive.sana.sy\/tr\/index.php?rest_route=\/wp\/v2\/types\/post"}],"author":[{"embeddable":true,"href":"https:\/\/archive.sana.sy\/tr\/index.php?rest_route=\/wp\/v2\/users\/39"}],"replies":[{"embeddable":true,"href":"https:\/\/archive.sana.sy\/tr\/index.php?rest_route=%2Fwp%2Fv2%2Fcomments&post=270799"}],"version-history":[{"count":0,"href":"https:\/\/archive.sana.sy\/tr\/index.php?rest_route=\/wp\/v2\/posts\/270799\/revisions"}],"wp:featuredmedia":[{"embeddable":true,"href":"https:\/\/archive.sana.sy\/tr\/index.php?rest_route=\/wp\/v2\/media\/270800"}],"wp:attachment":[{"href":"https:\/\/archive.sana.sy\/tr\/index.php?rest_route=%2Fwp%2Fv2%2Fmedia&parent=270799"}],"wp:term":[{"taxonomy":"category","embeddable":true,"href":"https:\/\/archive.sana.sy\/tr\/index.php?rest_route=%2Fwp%2Fv2%2Fcategories&post=270799"},{"taxonomy":"post_tag","embeddable":true,"href":"https:\/\/archive.sana.sy\/tr\/index.php?rest_route=%2Fwp%2Fv2%2Ftags&post=270799"}],"curies":[{"name":"wp","href":"https:\/\/api.w.org\/{rel}","templated":true}]}}