{"id":270806,"date":"2023-01-09T13:56:42","date_gmt":"2023-01-09T11:56:42","guid":{"rendered":"http:\/\/107.6.182.27\/tr\/?p=270806"},"modified":"2023-01-10T07:43:50","modified_gmt":"2023-01-10T05:43:50","slug":"israil-isgalinin-duzenledigi-saldirida-cok-sayida-ogrenci-yaralandi","status":"publish","type":"post","link":"https:\/\/archive.sana.sy\/tr\/?p=270806","title":{"rendered":"\u0130srail \u0130\u015fgalinin D\u00fczenledi\u011fi Sald\u0131r\u0131da \u00c7ok Say\u0131da \u00d6\u011frenci Yaraland\u0131"},"content":{"rendered":"<p><strong>\u0130\u015eGAL ED\u0130LEN KUD\u00dcS<\/strong> &#8211; Bat\u0131 Yaka&#8217;n\u0131n Ramallah kentinin do\u011fusundaki Silvad kasabas\u0131nda bug\u00fcn \u0130srail i\u015fgal g\u00fc\u00e7lerinin d\u00fczenledi\u011fi sald\u0131r\u0131da \u00e7ok say\u0131da Filistinli \u00f6\u011frenci yaraland\u0131.<\/p>\n<p>WAFA Haber Ajans\u0131, \u00f6\u011frencilerin okuldan \u00e7\u0131kt\u0131klar\u0131 s\u0131rada i\u015fgal g\u00fc\u00e7lerinin kasabay\u0131 bast\u0131\u011f\u0131n\u0131 ve \u00fczerlerine zehirli gaz bombalar\u0131 att\u0131\u011f\u0131n\u0131, bunun sonucunda \u00e7ok say\u0131da \u00f6\u011frencinin bo\u011fularak hayat\u0131n\u0131 kaybetti\u011fini bildirdi.<\/p>\n<p>D\u00fcn i\u015fgal g\u00fc\u00e7leri kasabay\u0131 bast\u0131 ve okullar\u0131ndan \u00e7\u0131kan \u00f6\u011frencilere da sald\u0131rd\u0131.<\/p>\n<p>R.M.<\/p>\n<p><a href=\"https:\/\/t.me\/SuriyeArapHaberAjansI\">Telegram Kanal\u0131m\u0131z\u00a0<\/a><\/p>\n<p><a href=\"https:\/\/www.facebook.com\/SANAHaberAjansi\/\">Facebook Sayfam\u0131z<\/a><\/p>\n","protected":false},"excerpt":{"rendered":"<p>\u0130\u015eGAL ED\u0130LEN KUD\u00dcS &#8211; Bat\u0131 Yaka&#8217;n\u0131n Ramallah kentinin do\u011fusundaki Silvad kasabas\u0131nda bug\u00fcn \u0130srail i\u015fgal g\u00fc\u00e7lerinin d\u00fczenledi\u011fi sald\u0131r\u0131da \u00e7ok say\u0131da Filistinli \u00f6\u011frenci yaraland\u0131. WAFA Haber Ajans\u0131, \u00f6\u011frencilerin okuldan \u00e7\u0131kt\u0131klar\u0131 s\u0131rada i\u015fgal g\u00fc\u00e7lerinin kasabay\u0131 bast\u0131\u011f\u0131n\u0131 ve \u00fczerlerine zehirli gaz bombalar\u0131 att\u0131\u011f\u0131n\u0131, bunun sonucunda \u00e7ok say\u0131da \u00f6\u011frencinin bo\u011fularak hayat\u0131n\u0131 kaybetti\u011fini bildirdi. D\u00fcn i\u015fgal g\u00fc\u00e7leri kasabay\u0131 bast\u0131 ve okullar\u0131ndan &hellip;<\/p>\n","protected":false},"author":41,"featured_media":270807,"comment_status":"closed","ping_status":"closed","sticky":false,"template":"","format":"standard","meta":{"footnotes":""},"categories":[458,459,17988],"tags":[],"class_list":["post-270806","post","type-post","status-publish","format-standard","has-post-thumbnail","","category-dunya1","category-haberler-arap-uluslararasi-politika","category-son-haberler"],"_links":{"self":[{"href":"https:\/\/archive.sana.sy\/tr\/index.php?rest_route=\/wp\/v2\/posts\/270806","targetHints":{"allow":["GET"]}}],"collection":[{"href":"https:\/\/archive.sana.sy\/tr\/index.php?rest_route=\/wp\/v2\/posts"}],"about":[{"href":"https:\/\/archive.sana.sy\/tr\/index.php?rest_route=\/wp\/v2\/types\/post"}],"author":[{"embeddable":true,"href":"https:\/\/archive.sana.sy\/tr\/index.php?rest_route=\/wp\/v2\/users\/41"}],"replies":[{"embeddable":true,"href":"https:\/\/archive.sana.sy\/tr\/index.php?rest_route=%2Fwp%2Fv2%2Fcomments&post=270806"}],"version-history":[{"count":0,"href":"https:\/\/archive.sana.sy\/tr\/index.php?rest_route=\/wp\/v2\/posts\/270806\/revisions"}],"wp:featuredmedia":[{"embeddable":true,"href":"https:\/\/archive.sana.sy\/tr\/index.php?rest_route=\/wp\/v2\/media\/270807"}],"wp:attachment":[{"href":"https:\/\/archive.sana.sy\/tr\/index.php?rest_route=%2Fwp%2Fv2%2Fmedia&parent=270806"}],"wp:term":[{"taxonomy":"category","embeddable":true,"href":"https:\/\/archive.sana.sy\/tr\/index.php?rest_route=%2Fwp%2Fv2%2Fcategories&post=270806"},{"taxonomy":"post_tag","embeddable":true,"href":"https:\/\/archive.sana.sy\/tr\/index.php?rest_route=%2Fwp%2Fv2%2Ftags&post=270806"}],"curies":[{"name":"wp","href":"https:\/\/api.w.org\/{rel}","templated":true}]}}