{"id":270809,"date":"2023-01-09T14:15:22","date_gmt":"2023-01-09T12:15:22","guid":{"rendered":"http:\/\/107.6.182.27\/tr\/?p=270809"},"modified":"2023-01-09T14:15:22","modified_gmt":"2023-01-09T12:15:22","slug":"disisleri-ve-gurbetciler-bakanligi-suriye-baskan-lula-liderligindeki-brezilya-halkinin-iradesine-saygi-gosterilmesi-cagrisinda-bulunuyor-ve-brezilyada-secilmis-hukumetle-dayanismasini-teyit-ediyor","status":"publish","type":"post","link":"https:\/\/archive.sana.sy\/tr\/?p=270809","title":{"rendered":"D\u0131\u015fi\u015fleri ve Gurbet\u00e7iler Bakanl\u0131\u011f\u0131: Suriye, Ba\u015fkan Lula liderli\u011findeki Brezilya halk\u0131n\u0131n iradesine sayg\u0131 g\u00f6sterilmesi \u00e7a\u011fr\u0131s\u0131nda bulunuyor ve Brezilya&#8217;da se\u00e7ilmi\u015f h\u00fck\u00fcmetle dayan\u0131\u015fmas\u0131n\u0131 teyit ediyor"},"content":{"rendered":"","protected":false},"excerpt":{"rendered":"","protected":false},"author":41,"featured_media":0,"comment_status":"closed","ping_status":"closed","sticky":false,"template":"","format":"standard","meta":{"footnotes":""},"categories":[17991],"tags":[],"class_list":["post-270809","post","type-post","status-publish","format-standard","","category-son-dakika"],"_links":{"self":[{"href":"https:\/\/archive.sana.sy\/tr\/index.php?rest_route=\/wp\/v2\/posts\/270809","targetHints":{"allow":["GET"]}}],"collection":[{"href":"https:\/\/archive.sana.sy\/tr\/index.php?rest_route=\/wp\/v2\/posts"}],"about":[{"href":"https:\/\/archive.sana.sy\/tr\/index.php?rest_route=\/wp\/v2\/types\/post"}],"author":[{"embeddable":true,"href":"https:\/\/archive.sana.sy\/tr\/index.php?rest_route=\/wp\/v2\/users\/41"}],"replies":[{"embeddable":true,"href":"https:\/\/archive.sana.sy\/tr\/index.php?rest_route=%2Fwp%2Fv2%2Fcomments&post=270809"}],"version-history":[{"count":0,"href":"https:\/\/archive.sana.sy\/tr\/index.php?rest_route=\/wp\/v2\/posts\/270809\/revisions"}],"wp:attachment":[{"href":"https:\/\/archive.sana.sy\/tr\/index.php?rest_route=%2Fwp%2Fv2%2Fmedia&parent=270809"}],"wp:term":[{"taxonomy":"category","embeddable":true,"href":"https:\/\/archive.sana.sy\/tr\/index.php?rest_route=%2Fwp%2Fv2%2Fcategories&post=270809"},{"taxonomy":"post_tag","embeddable":true,"href":"https:\/\/archive.sana.sy\/tr\/index.php?rest_route=%2Fwp%2Fv2%2Ftags&post=270809"}],"curies":[{"name":"wp","href":"https:\/\/api.w.org\/{rel}","templated":true}]}}