{"id":270811,"date":"2023-01-09T14:34:24","date_gmt":"2023-01-09T12:34:24","guid":{"rendered":"http:\/\/107.6.182.27\/tr\/?p=270811"},"modified":"2023-01-10T07:43:58","modified_gmt":"2023-01-10T05:43:58","slug":"ukrayna-rejim-gucleri-donetski-178-fuzeyle-bombaladi","status":"publish","type":"post","link":"https:\/\/archive.sana.sy\/tr\/?p=270811","title":{"rendered":"Ukrayna Rejim G\u00fc\u00e7leri Donetsk&#8217;i 178 F\u00fczeyle Bombalad\u0131"},"content":{"rendered":"<p><strong>DONETSK\u00a0<\/strong> &#8211; Donetsk Demokratik Cumhuriyeti&#8217;nin Ortak \u0130zleme ve Koordinasyon Merkezi&#8217;ndeki temsilcili\u011fi, Ukrayna kuvvetlerinin Donbass&#8217;\u0131 korumak i\u00e7in Rus askeri operasyonunun ba\u015flamas\u0131ndan bu yana cumhuriyet topraklar\u0131na 178 HIMARS f\u00fczesi f\u0131rlatt\u0131\u011f\u0131n\u0131 duyurdu.<\/p>\n<p>TASS, ofisten bug\u00fcn yapt\u0131\u011f\u0131 a\u00e7\u0131klamada, \u00a0\u201cG\u00f6rev, 326 g\u00fcnl\u00fck t\u0131rman\u0131\u015fta 14.284&#8217;\u00fc a\u011f\u0131r silahlarla olmak \u00fczere 14.615 sald\u0131r\u0131 kaydetti\u2019\u2019 ifadeleri aktard\u0131.<\/p>\n<p>A\u00e7\u0131klamada, Ukrayna kuvvetlerinin, 37 Toshka-U f\u00fczesi, 178 HIMARS f\u00fczesi, 255 BM-27 Uragan f\u00fczesi, 12.499 122mm MLRS f\u00fczesi ve 18.661 155mm m\u00fchimmat dahil \u00e7e\u015fitli kalibrelerde 94 bin 879 m\u00fchimmat ate\u015fledi\u011fi belirtildi.<\/p>\n<p>&nbsp;<\/p>\n<p>R.M.<\/p>\n<p><a href=\"https:\/\/t.me\/SuriyeArapHaberAjansI\">Telegram Kanal\u0131m\u0131z\u00a0<\/a><\/p>\n<p><a href=\"https:\/\/www.facebook.com\/SANAHaberAjansi\/\">Facebook Sayfam\u0131z<\/a><\/p>\n","protected":false},"excerpt":{"rendered":"<p>DONETSK\u00a0 &#8211; Donetsk Demokratik Cumhuriyeti&#8217;nin Ortak \u0130zleme ve Koordinasyon Merkezi&#8217;ndeki temsilcili\u011fi, Ukrayna kuvvetlerinin Donbass&#8217;\u0131 korumak i\u00e7in Rus askeri operasyonunun ba\u015flamas\u0131ndan bu yana cumhuriyet topraklar\u0131na 178 HIMARS f\u00fczesi f\u0131rlatt\u0131\u011f\u0131n\u0131 duyurdu. TASS, ofisten bug\u00fcn yapt\u0131\u011f\u0131 a\u00e7\u0131klamada, \u00a0\u201cG\u00f6rev, 326 g\u00fcnl\u00fck t\u0131rman\u0131\u015fta 14.284&#8217;\u00fc a\u011f\u0131r silahlarla olmak \u00fczere 14.615 sald\u0131r\u0131 kaydetti\u2019\u2019 ifadeleri aktard\u0131. A\u00e7\u0131klamada, Ukrayna kuvvetlerinin, 37 Toshka-U f\u00fczesi, 178 &hellip;<\/p>\n","protected":false},"author":41,"featured_media":270812,"comment_status":"closed","ping_status":"closed","sticky":false,"template":"","format":"standard","meta":{"footnotes":""},"categories":[458,459,17988],"tags":[],"class_list":["post-270811","post","type-post","status-publish","format-standard","has-post-thumbnail","","category-dunya1","category-haberler-arap-uluslararasi-politika","category-son-haberler"],"_links":{"self":[{"href":"https:\/\/archive.sana.sy\/tr\/index.php?rest_route=\/wp\/v2\/posts\/270811","targetHints":{"allow":["GET"]}}],"collection":[{"href":"https:\/\/archive.sana.sy\/tr\/index.php?rest_route=\/wp\/v2\/posts"}],"about":[{"href":"https:\/\/archive.sana.sy\/tr\/index.php?rest_route=\/wp\/v2\/types\/post"}],"author":[{"embeddable":true,"href":"https:\/\/archive.sana.sy\/tr\/index.php?rest_route=\/wp\/v2\/users\/41"}],"replies":[{"embeddable":true,"href":"https:\/\/archive.sana.sy\/tr\/index.php?rest_route=%2Fwp%2Fv2%2Fcomments&post=270811"}],"version-history":[{"count":0,"href":"https:\/\/archive.sana.sy\/tr\/index.php?rest_route=\/wp\/v2\/posts\/270811\/revisions"}],"wp:featuredmedia":[{"embeddable":true,"href":"https:\/\/archive.sana.sy\/tr\/index.php?rest_route=\/wp\/v2\/media\/270812"}],"wp:attachment":[{"href":"https:\/\/archive.sana.sy\/tr\/index.php?rest_route=%2Fwp%2Fv2%2Fmedia&parent=270811"}],"wp:term":[{"taxonomy":"category","embeddable":true,"href":"https:\/\/archive.sana.sy\/tr\/index.php?rest_route=%2Fwp%2Fv2%2Fcategories&post=270811"},{"taxonomy":"post_tag","embeddable":true,"href":"https:\/\/archive.sana.sy\/tr\/index.php?rest_route=%2Fwp%2Fv2%2Ftags&post=270811"}],"curies":[{"name":"wp","href":"https:\/\/api.w.org\/{rel}","templated":true}]}}