{"id":270816,"date":"2023-01-09T14:54:54","date_gmt":"2023-01-09T12:54:54","guid":{"rendered":"http:\/\/107.6.182.27\/tr\/?p=270816"},"modified":"2023-01-10T13:05:16","modified_gmt":"2023-01-10T11:05:16","slug":"suriye-brezilyadaki-hukumet-merkezlerine-yonelik-siddet-eylemlerini-en-guclu-sekilde-kinadi-ve-secilmis-hukumetle-dayanismasini-vurguladi","status":"publish","type":"post","link":"https:\/\/archive.sana.sy\/tr\/?p=270816","title":{"rendered":"Suriye, Brezilya&#8217;daki H\u00fck\u00fcmet Merkezlerine Y\u00f6nelik \u015eiddet Eylemlerini En G\u00fc\u00e7l\u00fc \u015eekilde K\u0131nad\u0131\u00a0"},"content":{"rendered":"<p><strong>\u015eAM<\/strong> &#8211; Suriye, y\u0131k\u0131c\u0131 gruplar\u0131n Brezilya&#8217;daki Kongre merkezlerine, Ba\u015fkanl\u0131\u011fa ve Y\u00fcksek Mahkeme&#8217;ye kar\u015f\u0131 uygulad\u0131\u011f\u0131 \u015fiddet eylemlerini en sert ifadelerle k\u0131nad\u0131 ve \u00a0Ba\u015fkan Luiz Inacio Lula da Silva liderli\u011findeki se\u00e7ilmi\u015f h\u00fck\u00fcmetle dayan\u0131\u015fmas\u0131n\u0131 vurgulad\u0131.<\/p>\n<p>D\u0131\u015fi\u015fleri ve Gurbet\u00e7iler Bakanl\u0131\u011f\u0131 Twitter hesab\u0131nda yapt\u0131\u011f\u0131 payla\u015f\u0131mda, \u2018\u2019Suriye, y\u0131k\u0131c\u0131 gruplar\u0131n Brezilya&#8217;daki Kongre merkezlerine, Cumhurba\u015fkanl\u0131\u011f\u0131na ve Y\u00fcksek Mahkeme&#8217;ye kar\u015f\u0131 uygulad\u0131\u011f\u0131 \u015fiddet eylemlerini en g\u00fc\u00e7l\u00fc \u015fekilde k\u0131nar. Brezilya halk\u0131n\u0131n iradesine sayg\u0131 ve demokrasi de\u011ferleriyle tamamen \u00e7eli\u015fen bu eylemlere son verilmesi i\u00e7in se\u00e7ilen Ba\u015fkan Luiz Inacio Lula da Silva&#8217;n\u0131n att\u0131\u011f\u0131 ad\u0131mlar\u0131 ve eylemleri destekler\u2019\u2019 dedi.<\/p>\n<p>Bakanl\u0131k ayr\u0131ca, \u2018\u2019Suriye, Ba\u015fkan Lula liderli\u011findeki Brezilya halk\u0131n\u0131n iradesine sayg\u0131 g\u00f6sterilmesi \u00e7a\u011fr\u0131s\u0131nda bulunuyor ve Brezilya&#8217;da se\u00e7ilmi\u015f h\u00fck\u00fcmetle dayan\u0131\u015fmas\u0131n\u0131 vurguluyor\u2019\u2019 ifadelerini s\u00f6zlerine ekledi.<\/p>\n<p>R.M.<\/p>\n<p><a href=\"https:\/\/t.me\/SuriyeArapHaberAjansI\">Telegram Kanal\u0131m\u0131z\u00a0<\/a><\/p>\n<p><a href=\"https:\/\/www.facebook.com\/SANAHaberAjansi\/\">Facebook Sayfam\u0131z<\/a><\/p>\n","protected":false},"excerpt":{"rendered":"<p>\u015eAM &#8211; Suriye, y\u0131k\u0131c\u0131 gruplar\u0131n Brezilya&#8217;daki Kongre merkezlerine, Ba\u015fkanl\u0131\u011fa ve Y\u00fcksek Mahkeme&#8217;ye kar\u015f\u0131 uygulad\u0131\u011f\u0131 \u015fiddet eylemlerini en sert ifadelerle k\u0131nad\u0131 ve \u00a0Ba\u015fkan Luiz Inacio Lula da Silva liderli\u011findeki se\u00e7ilmi\u015f h\u00fck\u00fcmetle dayan\u0131\u015fmas\u0131n\u0131 vurgulad\u0131. D\u0131\u015fi\u015fleri ve Gurbet\u00e7iler Bakanl\u0131\u011f\u0131 Twitter hesab\u0131nda yapt\u0131\u011f\u0131 payla\u015f\u0131mda, \u2018\u2019Suriye, y\u0131k\u0131c\u0131 gruplar\u0131n Brezilya&#8217;daki Kongre merkezlerine, Cumhurba\u015fkanl\u0131\u011f\u0131na ve Y\u00fcksek Mahkeme&#8217;ye kar\u015f\u0131 uygulad\u0131\u011f\u0131 \u015fiddet eylemlerini en &hellip;<\/p>\n","protected":false},"author":41,"featured_media":270817,"comment_status":"closed","ping_status":"closed","sticky":false,"template":"","format":"standard","meta":{"footnotes":""},"categories":[479,17988,478],"tags":[],"class_list":["post-270816","post","type-post","status-publish","format-standard","has-post-thumbnail","","category-haberler-yerel","category-son-haberler","category-yerel"],"_links":{"self":[{"href":"https:\/\/archive.sana.sy\/tr\/index.php?rest_route=\/wp\/v2\/posts\/270816","targetHints":{"allow":["GET"]}}],"collection":[{"href":"https:\/\/archive.sana.sy\/tr\/index.php?rest_route=\/wp\/v2\/posts"}],"about":[{"href":"https:\/\/archive.sana.sy\/tr\/index.php?rest_route=\/wp\/v2\/types\/post"}],"author":[{"embeddable":true,"href":"https:\/\/archive.sana.sy\/tr\/index.php?rest_route=\/wp\/v2\/users\/41"}],"replies":[{"embeddable":true,"href":"https:\/\/archive.sana.sy\/tr\/index.php?rest_route=%2Fwp%2Fv2%2Fcomments&post=270816"}],"version-history":[{"count":0,"href":"https:\/\/archive.sana.sy\/tr\/index.php?rest_route=\/wp\/v2\/posts\/270816\/revisions"}],"wp:featuredmedia":[{"embeddable":true,"href":"https:\/\/archive.sana.sy\/tr\/index.php?rest_route=\/wp\/v2\/media\/270817"}],"wp:attachment":[{"href":"https:\/\/archive.sana.sy\/tr\/index.php?rest_route=%2Fwp%2Fv2%2Fmedia&parent=270816"}],"wp:term":[{"taxonomy":"category","embeddable":true,"href":"https:\/\/archive.sana.sy\/tr\/index.php?rest_route=%2Fwp%2Fv2%2Fcategories&post=270816"},{"taxonomy":"post_tag","embeddable":true,"href":"https:\/\/archive.sana.sy\/tr\/index.php?rest_route=%2Fwp%2Fv2%2Ftags&post=270816"}],"curies":[{"name":"wp","href":"https:\/\/api.w.org\/{rel}","templated":true}]}}