{"id":270821,"date":"2023-01-09T15:34:07","date_gmt":"2023-01-09T13:34:07","guid":{"rendered":"http:\/\/107.6.182.27\/tr\/?p=270821"},"modified":"2023-01-10T07:44:12","modified_gmt":"2023-01-10T05:44:12","slug":"rusya-ve-cin-amerikanin-dunya-meselelerinde-hegemonya-kurma-girisimlerini-reddettiklerini-yineledi","status":"publish","type":"post","link":"https:\/\/archive.sana.sy\/tr\/?p=270821","title":{"rendered":"Rusya Ve \u00c7in, Amerika&#8217;n\u0131n D\u00fcnya Meselelerinde Hegemonya Kurma Giri\u015fimlerini Reddettiklerini Yineledi"},"content":{"rendered":"<p><strong>MOSKOVA<\/strong>&#8211; Rusya ve \u00c7in, ABD ve m\u00fcttefiklerinin politikas\u0131na, \u00f6zellikle de d\u00fcnya meselelerinde hegemonya kurma giri\u015fimine kar\u015f\u0131 \u00e7\u0131k\u0131\u015flar\u0131n\u0131 yineledi.<\/p>\n<p>Rusya D\u0131\u015fi\u015fleri Bakanl\u0131\u011f\u0131 bug\u00fcn yapt\u0131\u011f\u0131 a\u00e7\u0131klamada, \u00a0\u00a0\u201cRusya D\u0131\u015fi\u015fleri Bakan\u0131 Sergey Lavrov ile yeni \u00c7in D\u0131\u015fi\u015fleri Bakan\u0131 Chen Jang aras\u0131nda, \u00fclkelerinin Washington&#8217;un Rusya ve \u00c7in&#8217;e kar\u015f\u0131 benimsedi\u011fi \u00e7at\u0131\u015fmac\u0131 provokasyonlar\u0131 ve i\u00e7 i\u015flerine m\u00fcdahale ve Bat\u0131&#8217;n\u0131n yapt\u0131r\u0131mlar ve di\u011fer yasad\u0131\u015f\u0131 yollarla iki \u00fclkenin geli\u015fimini engelleme giri\u015fimlerini reddetti\u011fini ifade ettikleri bir telefon g\u00f6r\u00fc\u015fmesi ger\u00e7ekle\u015fti\u2019\u2019 dedi.<\/p>\n<p>\u0130ki bakan, iki \u00fclke aras\u0131ndaki siyasi diyalog ve pratik i\u015fbirli\u011finin y\u00fcksek geli\u015fme h\u0131z\u0131n\u0131n yan\u0131 s\u0131ra Moskova ve Pekin&#8217;in k\u00fcresel kalk\u0131nman\u0131n temel meselelerindeki tutumlar\u0131n\u0131 memnuniyetle de kar\u015f\u0131lad\u0131.<\/p>\n<p>\u0130ki bakan ayr\u0131ca, Birle\u015fmi\u015f Milletler, BRICS Grubu, \u015eangay \u0130\u015fbirli\u011fi \u00d6rg\u00fct\u00fc ve Yirmiler Grubu \u00e7er\u00e7eveleri ve ASEAN ile i\u015fbirli\u011fi arenalar\u0131 ve di\u011fer formatlardaki yap\u0131c\u0131 diyalogu ve pozisyonlar\u0131n \u00fcst d\u00fczey koordinasyonunu olumlu de\u011ferlendirdi.<\/p>\n<p>R.M.<\/p>\n<p><a href=\"https:\/\/t.me\/SuriyeArapHaberAjansI\">Telegram Kanal\u0131m\u0131z\u00a0<\/a><\/p>\n<p><a href=\"https:\/\/www.facebook.com\/SANAHaberAjansi\/\">Facebook Sayfam\u0131z<\/a><\/p>\n","protected":false},"excerpt":{"rendered":"<p>MOSKOVA&#8211; Rusya ve \u00c7in, ABD ve m\u00fcttefiklerinin politikas\u0131na, \u00f6zellikle de d\u00fcnya meselelerinde hegemonya kurma giri\u015fimine kar\u015f\u0131 \u00e7\u0131k\u0131\u015flar\u0131n\u0131 yineledi. Rusya D\u0131\u015fi\u015fleri Bakanl\u0131\u011f\u0131 bug\u00fcn yapt\u0131\u011f\u0131 a\u00e7\u0131klamada, \u00a0\u00a0\u201cRusya D\u0131\u015fi\u015fleri Bakan\u0131 Sergey Lavrov ile yeni \u00c7in D\u0131\u015fi\u015fleri Bakan\u0131 Chen Jang aras\u0131nda, \u00fclkelerinin Washington&#8217;un Rusya ve \u00c7in&#8217;e kar\u015f\u0131 benimsedi\u011fi \u00e7at\u0131\u015fmac\u0131 provokasyonlar\u0131 ve i\u00e7 i\u015flerine m\u00fcdahale ve Bat\u0131&#8217;n\u0131n yapt\u0131r\u0131mlar ve di\u011fer &hellip;<\/p>\n","protected":false},"author":41,"featured_media":270822,"comment_status":"closed","ping_status":"closed","sticky":false,"template":"","format":"standard","meta":{"footnotes":""},"categories":[458,459,17988],"tags":[],"class_list":["post-270821","post","type-post","status-publish","format-standard","has-post-thumbnail","","category-dunya1","category-haberler-arap-uluslararasi-politika","category-son-haberler"],"_links":{"self":[{"href":"https:\/\/archive.sana.sy\/tr\/index.php?rest_route=\/wp\/v2\/posts\/270821","targetHints":{"allow":["GET"]}}],"collection":[{"href":"https:\/\/archive.sana.sy\/tr\/index.php?rest_route=\/wp\/v2\/posts"}],"about":[{"href":"https:\/\/archive.sana.sy\/tr\/index.php?rest_route=\/wp\/v2\/types\/post"}],"author":[{"embeddable":true,"href":"https:\/\/archive.sana.sy\/tr\/index.php?rest_route=\/wp\/v2\/users\/41"}],"replies":[{"embeddable":true,"href":"https:\/\/archive.sana.sy\/tr\/index.php?rest_route=%2Fwp%2Fv2%2Fcomments&post=270821"}],"version-history":[{"count":0,"href":"https:\/\/archive.sana.sy\/tr\/index.php?rest_route=\/wp\/v2\/posts\/270821\/revisions"}],"wp:featuredmedia":[{"embeddable":true,"href":"https:\/\/archive.sana.sy\/tr\/index.php?rest_route=\/wp\/v2\/media\/270822"}],"wp:attachment":[{"href":"https:\/\/archive.sana.sy\/tr\/index.php?rest_route=%2Fwp%2Fv2%2Fmedia&parent=270821"}],"wp:term":[{"taxonomy":"category","embeddable":true,"href":"https:\/\/archive.sana.sy\/tr\/index.php?rest_route=%2Fwp%2Fv2%2Fcategories&post=270821"},{"taxonomy":"post_tag","embeddable":true,"href":"https:\/\/archive.sana.sy\/tr\/index.php?rest_route=%2Fwp%2Fv2%2Ftags&post=270821"}],"curies":[{"name":"wp","href":"https:\/\/api.w.org\/{rel}","templated":true}]}}