{"id":270951,"date":"2023-01-11T13:18:24","date_gmt":"2023-01-11T11:18:24","guid":{"rendered":"http:\/\/107.6.182.27\/tr\/?p=270951"},"modified":"2023-01-12T07:13:41","modified_gmt":"2023-01-12T05:13:41","slug":"morales-latin-amerika-ulkelerindeki-darbelerin-arkasinda-washington-var","status":"publish","type":"post","link":"https:\/\/archive.sana.sy\/tr\/?p=270951","title":{"rendered":"Morales: Latin Amerika \u00dclkelerindeki Darbelerin Arkas\u0131nda Washington Var"},"content":{"rendered":"<p><strong>LA PAZ<\/strong> \u2013 Bolivya&#8217;n\u0131n eski Devlet Ba\u015fkan\u0131 Evo Morales, Washington&#8217;un b\u00f6lgedeki hegemonyas\u0131n\u0131 kaybetmeye ba\u015flad\u0131\u011f\u0131n\u0131 g\u00f6z \u00f6n\u00fcnde bulundurarak, Latin Amerika&#8217;daki darbelerin arkas\u0131nda ABD&#8217;nin oldu\u011funu vurgulad\u0131.<\/p>\n<p>Morales, Rus ajans\u0131 Sputnik&#8217;e verdi\u011fi r\u00f6portajda, &#8220;Amerikan politikalar\u0131 ba\u015far\u0131s\u0131z oluyor ve k\u00f6t\u00fcle\u015ftiklerinde \u015fiddete, hegemonyalar\u0131n\u0131 kaybettiklerinde ise silah ve kur\u015funlara ba\u015fvuruyorlar&#8221; dedi.<\/p>\n<p>Morales ayr\u0131ca, &#8220;Ge\u00e7en ay Arjantin Ba\u015fkan Yard\u0131mc\u0131s\u0131 Christina Kirchner&#8217;e kar\u015f\u0131 ger\u00e7ekle\u015ftirilen yarg\u0131 darbesinin ve daha sonra Peru&#8217;da Kongre taraf\u0131ndan yap\u0131lan darbenin ve Brezilya&#8217;da se\u00e7ilmi\u015f Ba\u015fkan Luis Inacio Lula da Silva&#8217;ya kar\u015f\u0131 d\u00fczenlenen darbe giri\u015fiminin arkas\u0131nda ABD&#8217;nin oldu\u011funu&#8221; de\u011ferlendirdi.<\/p>\n<p>R.M.<\/p>\n<p><a href=\"https:\/\/t.me\/SuriyeArapHaberAjansI\">Telegram Kanal\u0131m\u0131z\u00a0<\/a><\/p>\n<p><a href=\"https:\/\/www.facebook.com\/SANAHaberAjansi\/\">Facebook Sayfam\u0131z<\/a><\/p>\n","protected":false},"excerpt":{"rendered":"<p>LA PAZ \u2013 Bolivya&#8217;n\u0131n eski Devlet Ba\u015fkan\u0131 Evo Morales, Washington&#8217;un b\u00f6lgedeki hegemonyas\u0131n\u0131 kaybetmeye ba\u015flad\u0131\u011f\u0131n\u0131 g\u00f6z \u00f6n\u00fcnde bulundurarak, Latin Amerika&#8217;daki darbelerin arkas\u0131nda ABD&#8217;nin oldu\u011funu vurgulad\u0131. Morales, Rus ajans\u0131 Sputnik&#8217;e verdi\u011fi r\u00f6portajda, &#8220;Amerikan politikalar\u0131 ba\u015far\u0131s\u0131z oluyor ve k\u00f6t\u00fcle\u015ftiklerinde \u015fiddete, hegemonyalar\u0131n\u0131 kaybettiklerinde ise silah ve kur\u015funlara ba\u015fvuruyorlar&#8221; dedi. Morales ayr\u0131ca, &#8220;Ge\u00e7en ay Arjantin Ba\u015fkan Yard\u0131mc\u0131s\u0131 Christina Kirchner&#8217;e kar\u015f\u0131 &hellip;<\/p>\n","protected":false},"author":41,"featured_media":270952,"comment_status":"closed","ping_status":"closed","sticky":false,"template":"","format":"standard","meta":{"footnotes":""},"categories":[458,459,17988],"tags":[],"class_list":["post-270951","post","type-post","status-publish","format-standard","has-post-thumbnail","","category-dunya1","category-haberler-arap-uluslararasi-politika","category-son-haberler"],"_links":{"self":[{"href":"https:\/\/archive.sana.sy\/tr\/index.php?rest_route=\/wp\/v2\/posts\/270951","targetHints":{"allow":["GET"]}}],"collection":[{"href":"https:\/\/archive.sana.sy\/tr\/index.php?rest_route=\/wp\/v2\/posts"}],"about":[{"href":"https:\/\/archive.sana.sy\/tr\/index.php?rest_route=\/wp\/v2\/types\/post"}],"author":[{"embeddable":true,"href":"https:\/\/archive.sana.sy\/tr\/index.php?rest_route=\/wp\/v2\/users\/41"}],"replies":[{"embeddable":true,"href":"https:\/\/archive.sana.sy\/tr\/index.php?rest_route=%2Fwp%2Fv2%2Fcomments&post=270951"}],"version-history":[{"count":0,"href":"https:\/\/archive.sana.sy\/tr\/index.php?rest_route=\/wp\/v2\/posts\/270951\/revisions"}],"wp:featuredmedia":[{"embeddable":true,"href":"https:\/\/archive.sana.sy\/tr\/index.php?rest_route=\/wp\/v2\/media\/270952"}],"wp:attachment":[{"href":"https:\/\/archive.sana.sy\/tr\/index.php?rest_route=%2Fwp%2Fv2%2Fmedia&parent=270951"}],"wp:term":[{"taxonomy":"category","embeddable":true,"href":"https:\/\/archive.sana.sy\/tr\/index.php?rest_route=%2Fwp%2Fv2%2Fcategories&post=270951"},{"taxonomy":"post_tag","embeddable":true,"href":"https:\/\/archive.sana.sy\/tr\/index.php?rest_route=%2Fwp%2Fv2%2Ftags&post=270951"}],"curies":[{"name":"wp","href":"https:\/\/api.w.org\/{rel}","templated":true}]}}