{"id":270957,"date":"2023-01-11T13:00:54","date_gmt":"2023-01-11T11:00:54","guid":{"rendered":"http:\/\/107.6.182.27\/tr\/?p=270957"},"modified":"2023-01-12T07:25:14","modified_gmt":"2023-01-12T05:25:14","slug":"rus-kuvvetleri-solidar-kentinin-kuzey-ve-guney-girislerini-kapatti-ve-55ten-fazla-ukraynali-militani-oldurdu","status":"publish","type":"post","link":"https:\/\/archive.sana.sy\/tr\/?p=270957","title":{"rendered":"Rus kuvvetleri, Solidar Kentinin Kuzey Ve G\u00fcney Giri\u015flerini Kapatt\u0131 Ve 55&#8217;ten Fazla Ukraynali Militan\u0131 \u00d6ld\u00fcrd\u00fc"},"content":{"rendered":"<p><strong>MOSKOVA<\/strong> \u2013 Rusya Savunma Bakanl\u0131\u011f\u0131 bug\u00fcn, Rus kuvvetlerinin Hava Kuvvetlerine ba\u011fl\u0131 birliklerle Soledar kentinin kuzey ve g\u00fcney giri\u015flerini kapatt\u0131\u011f\u0131n\u0131 ve Podgorodnoye kasabas\u0131n\u0131 ele ge\u00e7irdi\u011fini duyurdu.<\/p>\n<p>Bakanl\u0131k, 55&#8217;ten fazla Ukraynal\u0131 militan\u0131n ortadan kald\u0131r\u0131ld\u0131\u011f\u0131n\u0131, Kobyansk ve Donetsk baltalar\u0131nda iki araban\u0131n imha edildi\u011fini ve Donetsk Cumhuriyeti&#8217;nde bir Ukrayna Su-27 u\u00e7a\u011f\u0131n\u0131n d\u00fc\u015f\u00fcr\u00fcld\u00fc\u011f\u00fcn\u00fc belirtti.<\/p>\n<p>R.M.<\/p>\n<p><a href=\"https:\/\/t.me\/SuriyeArapHaberAjansI\">Telegram Kanal\u0131m\u0131z\u00a0<\/a><\/p>\n<p><a href=\"https:\/\/www.facebook.com\/SANAHaberAjansi\/\">Facebook Sayfam\u0131z<\/a><\/p>\n","protected":false},"excerpt":{"rendered":"<p>MOSKOVA \u2013 Rusya Savunma Bakanl\u0131\u011f\u0131 bug\u00fcn, Rus kuvvetlerinin Hava Kuvvetlerine ba\u011fl\u0131 birliklerle Soledar kentinin kuzey ve g\u00fcney giri\u015flerini kapatt\u0131\u011f\u0131n\u0131 ve Podgorodnoye kasabas\u0131n\u0131 ele ge\u00e7irdi\u011fini duyurdu. Bakanl\u0131k, 55&#8217;ten fazla Ukraynal\u0131 militan\u0131n ortadan kald\u0131r\u0131ld\u0131\u011f\u0131n\u0131, Kobyansk ve Donetsk baltalar\u0131nda iki araban\u0131n imha edildi\u011fini ve Donetsk Cumhuriyeti&#8217;nde bir Ukrayna Su-27 u\u00e7a\u011f\u0131n\u0131n d\u00fc\u015f\u00fcr\u00fcld\u00fc\u011f\u00fcn\u00fc belirtti. R.M. Telegram Kanal\u0131m\u0131z\u00a0 Facebook Sayfam\u0131z<\/p>\n","protected":false},"author":41,"featured_media":270958,"comment_status":"closed","ping_status":"closed","sticky":false,"template":"","format":"standard","meta":{"footnotes":""},"categories":[1],"tags":[],"class_list":["post-270957","post","type-post","status-publish","format-standard","has-post-thumbnail","","category-news-not-sorted"],"_links":{"self":[{"href":"https:\/\/archive.sana.sy\/tr\/index.php?rest_route=\/wp\/v2\/posts\/270957","targetHints":{"allow":["GET"]}}],"collection":[{"href":"https:\/\/archive.sana.sy\/tr\/index.php?rest_route=\/wp\/v2\/posts"}],"about":[{"href":"https:\/\/archive.sana.sy\/tr\/index.php?rest_route=\/wp\/v2\/types\/post"}],"author":[{"embeddable":true,"href":"https:\/\/archive.sana.sy\/tr\/index.php?rest_route=\/wp\/v2\/users\/41"}],"replies":[{"embeddable":true,"href":"https:\/\/archive.sana.sy\/tr\/index.php?rest_route=%2Fwp%2Fv2%2Fcomments&post=270957"}],"version-history":[{"count":0,"href":"https:\/\/archive.sana.sy\/tr\/index.php?rest_route=\/wp\/v2\/posts\/270957\/revisions"}],"wp:featuredmedia":[{"embeddable":true,"href":"https:\/\/archive.sana.sy\/tr\/index.php?rest_route=\/wp\/v2\/media\/270958"}],"wp:attachment":[{"href":"https:\/\/archive.sana.sy\/tr\/index.php?rest_route=%2Fwp%2Fv2%2Fmedia&parent=270957"}],"wp:term":[{"taxonomy":"category","embeddable":true,"href":"https:\/\/archive.sana.sy\/tr\/index.php?rest_route=%2Fwp%2Fv2%2Fcategories&post=270957"},{"taxonomy":"post_tag","embeddable":true,"href":"https:\/\/archive.sana.sy\/tr\/index.php?rest_route=%2Fwp%2Fv2%2Ftags&post=270957"}],"curies":[{"name":"wp","href":"https:\/\/api.w.org\/{rel}","templated":true}]}}