{"id":2710,"date":"2014-06-10T17:53:03","date_gmt":"2014-06-10T14:53:03","guid":{"rendered":"http:\/\/sanasyria.org\/tr\/?p=2710"},"modified":"2014-06-14T14:04:10","modified_gmt":"2014-06-14T11:04:10","slug":"tarimsal-amacli-kredi-cezalari-iptal-oldu","status":"publish","type":"post","link":"https:\/\/archive.sana.sy\/tr\/?p=2710","title":{"rendered":"Tar\u0131msal Ama\u00e7l\u0131 Kredi Cezalar\u0131 \u0130ptal Oldu"},"content":{"rendered":"<p>\u015eAM \u2013 Cumhurba\u015fkan\u0131 Be\u015f\u015far el Esad bug\u00fcn Ziraat Bankas\u0131n\u0131n tar\u0131msal ama\u00e7l\u0131 olarak vermi\u015f oldu\u011fu kredilerin faiz ve cezalardan muaf tutulmas\u0131n\u0131 \u00f6ng\u00f6ren 2014\/11 say\u0131l\u0131 kanunnameyi onaylad\u0131.<\/p>\n<p>Kanunname Halk Meclisi taraf\u0131ndan 09 Haziran tarihinde d\u00fczenlenen oturumda milletvekilleri taraf\u0131ndan tart\u0131\u015f\u0131l\u0131p onaylanmas\u0131 ard\u0131ndan cumhurba\u015fkan\u0131 onay\u0131 i\u00e7in cumhurba\u015fkanl\u0131\u011f\u0131na sevk edilmi\u015fti.<\/p>\n<p>&nbsp;<\/p>\n","protected":false},"excerpt":{"rendered":"<p>\u015eAM \u2013 Cumhurba\u015fkan\u0131 Be\u015f\u015far el Esad bug\u00fcn Ziraat Bankas\u0131n\u0131n tar\u0131msal ama\u00e7l\u0131 olarak vermi\u015f oldu\u011fu kredilerin faiz ve cezalardan muaf tutulmas\u0131n\u0131 \u00f6ng\u00f6ren 2014\/11 say\u0131l\u0131 kanunnameyi onaylad\u0131. Kanunname Halk Meclisi taraf\u0131ndan 09 Haziran tarihinde d\u00fczenlenen oturumda milletvekilleri taraf\u0131ndan tart\u0131\u015f\u0131l\u0131p onaylanmas\u0131 ard\u0131ndan cumhurba\u015fkan\u0131 onay\u0131 i\u00e7in cumhurba\u015fkanl\u0131\u011f\u0131na sevk edilmi\u015fti. &nbsp;<\/p>\n","protected":false},"author":1,"featured_media":2711,"comment_status":"closed","ping_status":"closed","sticky":false,"template":"","format":"standard","meta":{"footnotes":""},"categories":[479,612,599,478],"tags":[615],"class_list":["post-2710","post","type-post","status-publish","format-standard","has-post-thumbnail","","category-haberler-yerel","category-yasama-kararnameler","category-yasama-ve-kanunlar","category-yerel","tag-tarimsal-amacli-kredi-cezalari-iptal-oldu"],"_links":{"self":[{"href":"https:\/\/archive.sana.sy\/tr\/index.php?rest_route=\/wp\/v2\/posts\/2710","targetHints":{"allow":["GET"]}}],"collection":[{"href":"https:\/\/archive.sana.sy\/tr\/index.php?rest_route=\/wp\/v2\/posts"}],"about":[{"href":"https:\/\/archive.sana.sy\/tr\/index.php?rest_route=\/wp\/v2\/types\/post"}],"author":[{"embeddable":true,"href":"https:\/\/archive.sana.sy\/tr\/index.php?rest_route=\/wp\/v2\/users\/1"}],"replies":[{"embeddable":true,"href":"https:\/\/archive.sana.sy\/tr\/index.php?rest_route=%2Fwp%2Fv2%2Fcomments&post=2710"}],"version-history":[{"count":0,"href":"https:\/\/archive.sana.sy\/tr\/index.php?rest_route=\/wp\/v2\/posts\/2710\/revisions"}],"wp:featuredmedia":[{"embeddable":true,"href":"https:\/\/archive.sana.sy\/tr\/index.php?rest_route=\/wp\/v2\/media\/2711"}],"wp:attachment":[{"href":"https:\/\/archive.sana.sy\/tr\/index.php?rest_route=%2Fwp%2Fv2%2Fmedia&parent=2710"}],"wp:term":[{"taxonomy":"category","embeddable":true,"href":"https:\/\/archive.sana.sy\/tr\/index.php?rest_route=%2Fwp%2Fv2%2Fcategories&post=2710"},{"taxonomy":"post_tag","embeddable":true,"href":"https:\/\/archive.sana.sy\/tr\/index.php?rest_route=%2Fwp%2Fv2%2Ftags&post=2710"}],"curies":[{"name":"wp","href":"https:\/\/api.w.org\/{rel}","templated":true}]}}