{"id":271016,"date":"2023-01-12T10:31:53","date_gmt":"2023-01-12T08:31:53","guid":{"rendered":"http:\/\/107.6.182.27\/tr\/?p=271016"},"modified":"2023-01-14T08:36:05","modified_gmt":"2023-01-14T06:36:05","slug":"kuba-devlet-baskani-ulkesinin-suriyeye-saglam-destegini-yineledi","status":"publish","type":"post","link":"https:\/\/archive.sana.sy\/tr\/?p=271016","title":{"rendered":"K\u00fcba Devlet Ba\u015fkan\u0131, \u00dclkesinin Suriye&#8217;ye Sa\u011flam Deste\u011fini Yineledi"},"content":{"rendered":"<p><strong>HAVANA \u2013<\/strong> K\u00fcba Devlet Ba\u015fkan\u0131 Miguel Diaz Canel, K\u00fcba&#8217;n\u0131n, \u00f6zellikle ter\u00f6rizme kar\u015f\u0131 sava\u015f\u0131nda ve Orta Do\u011fu&#8217;da bar\u0131\u015f\u0131 ve uluslararas\u0131 bar\u0131\u015f ve g\u00fcvenli\u011fi tehdit eden s\u00fcrekli \u0130srail sald\u0131r\u0131lar\u0131na kar\u015f\u0131 Suriye&#8217;yi destekleme konusundaki kararl\u0131l\u0131\u011f\u0131n\u0131 vurgulad\u0131.<\/p>\n<p><img loading=\"lazy\" decoding=\"async\" class=\"size-medium wp-image-271017 alignright\" src=\"http:\/\/107.6.182.27\/tr\/wp-content\/uploads\/2023\/01\/3-4-300x200.jpg\" alt=\"\" width=\"300\" height=\"200\" srcset=\"https:\/\/archive.sana.sy\/tr\/wp-content\/uploads\/2023\/01\/3-4-300x200.jpg 300w, https:\/\/archive.sana.sy\/tr\/wp-content\/uploads\/2023\/01\/3-4-150x100.jpg 150w, https:\/\/archive.sana.sy\/tr\/wp-content\/uploads\/2023\/01\/3-4.jpg 660w\" sizes=\"auto, (max-width: 300px) 100vw, 300px\" \/>Diaz Canel, D\u0131\u015fi\u015fleri Bakan\u0131 Bruno Rodriguez&#8217;in huzurunda Suriye&#8217;nin K\u00fcba B\u00fcy\u00fckel\u00e7isi olarak Dr. \u011eassan Ubyid&#8217;in itimatnamesini teslim almas\u0131 s\u0131ras\u0131nda, ortak d\u00fc\u015fman Amerika Birle\u015fik Devletleri&#8217;nin Suriye halk\u0131 ve h\u00fck\u00fcmetinin ula\u015fmak istedi\u011fi yeniden yap\u0131lanma s\u00fcrecini ve ekonomik kalk\u0131nma s\u00fcrecini engellemeyi ama\u00e7layan Suriye halk\u0131na uygulad\u0131\u011f\u0131 tedbir, k\u0131s\u0131tlama ve yapt\u0131r\u0131mlar\u0131 kesinlikle reddetti\u011fini ifade etti.<\/p>\n<p>K\u00fcba Devlet Ba\u015fkan\u0131, Bat\u0131 taraf\u0131ndan desteklenen sistematik ter\u00f6rizme kar\u015f\u0131 Suriye halk\u0131, ordusu ve h\u00fck\u00fcmetinin g\u00f6sterdi\u011fi kahramanl\u0131\u011f\u0131 \u00f6vd\u00fc ve Suriye&#8217;nin uluslararas\u0131 forum ve kurulu\u015flardaki onurlu konumu ve K\u00fcba&#8217;n\u0131n Suriye&#8217;den ald\u0131\u011f\u0131 s\u00fcrekli deste\u011fi takdir etti\u011fini ifade etti.<\/p>\n<p><a href=\"https:\/\/t.me\/SuriyeArapHaberAjansI\">Telegram Kanal\u0131m\u0131z\u00a0<\/a><\/p>\n<p><a href=\"https:\/\/www.facebook.com\/SANAHaberAjansi\/\">Facebook Sayfam\u0131z<\/a><\/p>\n","protected":false},"excerpt":{"rendered":"<p>HAVANA \u2013 K\u00fcba Devlet Ba\u015fkan\u0131 Miguel Diaz Canel, K\u00fcba&#8217;n\u0131n, \u00f6zellikle ter\u00f6rizme kar\u015f\u0131 sava\u015f\u0131nda ve Orta Do\u011fu&#8217;da bar\u0131\u015f\u0131 ve uluslararas\u0131 bar\u0131\u015f ve g\u00fcvenli\u011fi tehdit eden s\u00fcrekli \u0130srail sald\u0131r\u0131lar\u0131na kar\u015f\u0131 Suriye&#8217;yi destekleme konusundaki kararl\u0131l\u0131\u011f\u0131n\u0131 vurgulad\u0131. Diaz Canel, D\u0131\u015fi\u015fleri Bakan\u0131 Bruno Rodriguez&#8217;in huzurunda Suriye&#8217;nin K\u00fcba B\u00fcy\u00fckel\u00e7isi olarak Dr. \u011eassan Ubyid&#8217;in itimatnamesini teslim almas\u0131 s\u0131ras\u0131nda, ortak d\u00fc\u015fman Amerika Birle\u015fik &hellip;<\/p>\n","protected":false},"author":36,"featured_media":271018,"comment_status":"closed","ping_status":"closed","sticky":false,"template":"","format":"standard","meta":{"footnotes":""},"categories":[458,459,17988],"tags":[],"class_list":["post-271016","post","type-post","status-publish","format-standard","has-post-thumbnail","","category-dunya1","category-haberler-arap-uluslararasi-politika","category-son-haberler"],"_links":{"self":[{"href":"https:\/\/archive.sana.sy\/tr\/index.php?rest_route=\/wp\/v2\/posts\/271016","targetHints":{"allow":["GET"]}}],"collection":[{"href":"https:\/\/archive.sana.sy\/tr\/index.php?rest_route=\/wp\/v2\/posts"}],"about":[{"href":"https:\/\/archive.sana.sy\/tr\/index.php?rest_route=\/wp\/v2\/types\/post"}],"author":[{"embeddable":true,"href":"https:\/\/archive.sana.sy\/tr\/index.php?rest_route=\/wp\/v2\/users\/36"}],"replies":[{"embeddable":true,"href":"https:\/\/archive.sana.sy\/tr\/index.php?rest_route=%2Fwp%2Fv2%2Fcomments&post=271016"}],"version-history":[{"count":0,"href":"https:\/\/archive.sana.sy\/tr\/index.php?rest_route=\/wp\/v2\/posts\/271016\/revisions"}],"wp:featuredmedia":[{"embeddable":true,"href":"https:\/\/archive.sana.sy\/tr\/index.php?rest_route=\/wp\/v2\/media\/271018"}],"wp:attachment":[{"href":"https:\/\/archive.sana.sy\/tr\/index.php?rest_route=%2Fwp%2Fv2%2Fmedia&parent=271016"}],"wp:term":[{"taxonomy":"category","embeddable":true,"href":"https:\/\/archive.sana.sy\/tr\/index.php?rest_route=%2Fwp%2Fv2%2Fcategories&post=271016"},{"taxonomy":"post_tag","embeddable":true,"href":"https:\/\/archive.sana.sy\/tr\/index.php?rest_route=%2Fwp%2Fv2%2Ftags&post=271016"}],"curies":[{"name":"wp","href":"https:\/\/api.w.org\/{rel}","templated":true}]}}