{"id":271026,"date":"2023-01-12T10:10:01","date_gmt":"2023-01-12T08:10:01","guid":{"rendered":"http:\/\/107.6.182.27\/tr\/?p=271026"},"modified":"2023-01-14T08:36:01","modified_gmt":"2023-01-14T06:36:01","slug":"luganskta-teror-saldirilari-duzenlemeyi-planlayan-ukraynali-sabotajcilara-ait-bir-zula-bulundu","status":"publish","type":"post","link":"https:\/\/archive.sana.sy\/tr\/?p=271026","title":{"rendered":"Lugansk&#8217;ta Ter\u00f6r Sald\u0131r\u0131lar\u0131 D\u00fczenlemeyi Planlayan Ukraynal\u0131 Sabotajc\u0131lara Ait Bir Zula Bulundu"},"content":{"rendered":"<p><strong>LUGANSK<\/strong> \u2013 Lugansk Halk Cumhuriyeti&#8217;ndeki g\u00fcvenlik bir kaynak, cumhuriyet topraklar\u0131nda ter\u00f6r sald\u0131r\u0131lar\u0131 d\u00fczenlemeyi planlayan Ukraynal\u0131 sabotajc\u0131lara ait bir zulan\u0131n bulundu\u011funu ilan etti.<\/p>\n<p>RIA Novosti Haber Ajans\u0131n\u0131n a\u00e7\u0131klad\u0131\u011f\u0131na g\u00f6re kaynak, &#8220;Lugansk Cumhuriyeti&#8217;ndeki g\u00fcvenlik g\u00f6revlileri, Ukrayna ke\u015fif ve sabotaj gruplar\u0131n\u0131n cumhuriyet topraklar\u0131ndaki faaliyetleri i\u00e7in haz\u0131rlanan gizli bir zulay\u0131 ortaya \u00e7\u0131kard\u0131&#8221; dedi.<\/p>\n<p>Kaynak ayr\u0131ca, zulan\u0131n i\u00e7inde makineli t\u00fcfekler, otomatik el bombas\u0131 f\u0131rlat\u0131c\u0131lar\u0131 ve canl\u0131 mermilerin bulundu\u011funu belirterek, bu zulayla ilgili herkesin kimli\u011fini tespit etmek i\u00e7in soru\u015fturman\u0131n devam etti\u011fini belirtti.<\/p>\n<p><a href=\"https:\/\/t.me\/SuriyeArapHaberAjansI\">Telegram Kanal\u0131m\u0131z\u00a0<\/a><\/p>\n<p><a href=\"https:\/\/www.facebook.com\/SANAHaberAjansi\/\">Facebook Sayfam\u0131z<\/a><\/p>\n","protected":false},"excerpt":{"rendered":"<p>LUGANSK \u2013 Lugansk Halk Cumhuriyeti&#8217;ndeki g\u00fcvenlik bir kaynak, cumhuriyet topraklar\u0131nda ter\u00f6r sald\u0131r\u0131lar\u0131 d\u00fczenlemeyi planlayan Ukraynal\u0131 sabotajc\u0131lara ait bir zulan\u0131n bulundu\u011funu ilan etti. RIA Novosti Haber Ajans\u0131n\u0131n a\u00e7\u0131klad\u0131\u011f\u0131na g\u00f6re kaynak, &#8220;Lugansk Cumhuriyeti&#8217;ndeki g\u00fcvenlik g\u00f6revlileri, Ukrayna ke\u015fif ve sabotaj gruplar\u0131n\u0131n cumhuriyet topraklar\u0131ndaki faaliyetleri i\u00e7in haz\u0131rlanan gizli bir zulay\u0131 ortaya \u00e7\u0131kard\u0131&#8221; dedi. Kaynak ayr\u0131ca, zulan\u0131n i\u00e7inde makineli t\u00fcfekler, &hellip;<\/p>\n","protected":false},"author":39,"featured_media":271027,"comment_status":"closed","ping_status":"closed","sticky":false,"template":"","format":"standard","meta":{"footnotes":""},"categories":[458,459,17988],"tags":[],"class_list":["post-271026","post","type-post","status-publish","format-standard","has-post-thumbnail","","category-dunya1","category-haberler-arap-uluslararasi-politika","category-son-haberler"],"_links":{"self":[{"href":"https:\/\/archive.sana.sy\/tr\/index.php?rest_route=\/wp\/v2\/posts\/271026","targetHints":{"allow":["GET"]}}],"collection":[{"href":"https:\/\/archive.sana.sy\/tr\/index.php?rest_route=\/wp\/v2\/posts"}],"about":[{"href":"https:\/\/archive.sana.sy\/tr\/index.php?rest_route=\/wp\/v2\/types\/post"}],"author":[{"embeddable":true,"href":"https:\/\/archive.sana.sy\/tr\/index.php?rest_route=\/wp\/v2\/users\/39"}],"replies":[{"embeddable":true,"href":"https:\/\/archive.sana.sy\/tr\/index.php?rest_route=%2Fwp%2Fv2%2Fcomments&post=271026"}],"version-history":[{"count":0,"href":"https:\/\/archive.sana.sy\/tr\/index.php?rest_route=\/wp\/v2\/posts\/271026\/revisions"}],"wp:featuredmedia":[{"embeddable":true,"href":"https:\/\/archive.sana.sy\/tr\/index.php?rest_route=\/wp\/v2\/media\/271027"}],"wp:attachment":[{"href":"https:\/\/archive.sana.sy\/tr\/index.php?rest_route=%2Fwp%2Fv2%2Fmedia&parent=271026"}],"wp:term":[{"taxonomy":"category","embeddable":true,"href":"https:\/\/archive.sana.sy\/tr\/index.php?rest_route=%2Fwp%2Fv2%2Fcategories&post=271026"},{"taxonomy":"post_tag","embeddable":true,"href":"https:\/\/archive.sana.sy\/tr\/index.php?rest_route=%2Fwp%2Fv2%2Ftags&post=271026"}],"curies":[{"name":"wp","href":"https:\/\/api.w.org\/{rel}","templated":true}]}}