{"id":271031,"date":"2023-01-12T12:35:06","date_gmt":"2023-01-12T10:35:06","guid":{"rendered":"http:\/\/107.6.182.27\/tr\/?p=271031"},"modified":"2023-01-14T08:36:13","modified_gmt":"2023-01-14T06:36:13","slug":"el-mikdad-filistin-halk-kurtulus-cephesi-genel-sekreteri-ile-gorustu","status":"publish","type":"post","link":"https:\/\/archive.sana.sy\/tr\/?p=271031","title":{"rendered":"El Mikdad, Filistin Halk Kurtulu\u015f Cephesi Genel Sekreteri \u0130le G\u00f6r\u00fc\u015ft\u00fc"},"content":{"rendered":"<p><strong>\u015eAM<\/strong> \u2013 D\u0131\u015fi\u015fleri ve Gurbet\u00e7iler Bakan\u0131 Dr. Feysal El Mikdad, Filistin Halk Kurtulu\u015f Cephesi Genel Sekreteri, Genel Komutan Dr. Talal Naci ve beraberindeki heyet ile bir araya geldi.<\/p>\n<p><a href=\"https:\/\/t.me\/SuriyeArapHaberAjansI\">Telegram Kanal\u0131m\u0131z\u00a0<\/a><\/p>\n<p><a href=\"https:\/\/www.facebook.com\/SANAHaberAjansi\/\">Facebook Sayfam\u0131z<\/a><\/p>\n","protected":false},"excerpt":{"rendered":"<p>\u015eAM \u2013 D\u0131\u015fi\u015fleri ve Gurbet\u00e7iler Bakan\u0131 Dr. Feysal El Mikdad, Filistin Halk Kurtulu\u015f Cephesi Genel Sekreteri, Genel Komutan Dr. Talal Naci ve beraberindeki heyet ile bir araya geldi. Telegram Kanal\u0131m\u0131z\u00a0 Facebook Sayfam\u0131z<\/p>\n","protected":false},"author":39,"featured_media":271032,"comment_status":"closed","ping_status":"closed","sticky":false,"template":"","format":"standard","meta":{"footnotes":""},"categories":[479,17988,478],"tags":[],"class_list":["post-271031","post","type-post","status-publish","format-standard","has-post-thumbnail","","category-haberler-yerel","category-son-haberler","category-yerel"],"_links":{"self":[{"href":"https:\/\/archive.sana.sy\/tr\/index.php?rest_route=\/wp\/v2\/posts\/271031","targetHints":{"allow":["GET"]}}],"collection":[{"href":"https:\/\/archive.sana.sy\/tr\/index.php?rest_route=\/wp\/v2\/posts"}],"about":[{"href":"https:\/\/archive.sana.sy\/tr\/index.php?rest_route=\/wp\/v2\/types\/post"}],"author":[{"embeddable":true,"href":"https:\/\/archive.sana.sy\/tr\/index.php?rest_route=\/wp\/v2\/users\/39"}],"replies":[{"embeddable":true,"href":"https:\/\/archive.sana.sy\/tr\/index.php?rest_route=%2Fwp%2Fv2%2Fcomments&post=271031"}],"version-history":[{"count":0,"href":"https:\/\/archive.sana.sy\/tr\/index.php?rest_route=\/wp\/v2\/posts\/271031\/revisions"}],"wp:featuredmedia":[{"embeddable":true,"href":"https:\/\/archive.sana.sy\/tr\/index.php?rest_route=\/wp\/v2\/media\/271032"}],"wp:attachment":[{"href":"https:\/\/archive.sana.sy\/tr\/index.php?rest_route=%2Fwp%2Fv2%2Fmedia&parent=271031"}],"wp:term":[{"taxonomy":"category","embeddable":true,"href":"https:\/\/archive.sana.sy\/tr\/index.php?rest_route=%2Fwp%2Fv2%2Fcategories&post=271031"},{"taxonomy":"post_tag","embeddable":true,"href":"https:\/\/archive.sana.sy\/tr\/index.php?rest_route=%2Fwp%2Fv2%2Ftags&post=271031"}],"curies":[{"name":"wp","href":"https:\/\/api.w.org\/{rel}","templated":true}]}}