{"id":271036,"date":"2023-01-12T17:31:13","date_gmt":"2023-01-12T15:31:13","guid":{"rendered":"http:\/\/107.6.182.27\/tr\/?p=271036"},"modified":"2023-02-20T16:09:08","modified_gmt":"2023-02-20T13:09:08","slug":"cumhurbaskan-esad-lavrentievi-kabul-etti-suriye-rusya-stratejik-iliskilerinin-seyri-ve-gelisim-mekanizmalari-ele-alindi","status":"publish","type":"post","link":"https:\/\/archive.sana.sy\/tr\/?p=271036","title":{"rendered":"Cumhurba\u015fkan Esad, Lavrentiev&#8217;i Kabul Etti, Suriye-Rusya Stratejik \u0130li\u015fkilerinin Seyri Ve Geli\u015fim Mekanizmalar\u0131 Ele Al\u0131nd\u0131"},"content":{"rendered":"<p style=\"text-align: justify;\"><span style=\"color: #800000;\">\u015eAM<\/span> &#8211; Say\u0131n Cumhurba\u015fkan\u0131 Be\u015f\u015far Esad, bug\u00fcn Rusya Devlet Ba\u015fkan\u0131 Vladimir Putin&#8217;in \u00f6zel temsilcisi Aleksander Lavrentiev ve beraberindeki heyet ile bir araya geldi. Kabulde iki taraf aras\u0131nda Suriye-Rusya stratejik ili\u015fkilerinin seyri, iki dost \u00fclke ve halklar\u0131n \u00e7\u0131karlar\u0131na hizmet eden her alanda geli\u015fme mekanizmalar\u0131 hakk\u0131nda g\u00f6r\u00fc\u015fmeler yap\u0131ld\u0131.<\/p>\n<p style=\"text-align: justify;\">B\u00f6lgesel ve uluslararas\u0131 durumlar\u0131n da ele al\u0131nd\u0131\u011f\u0131 g\u00f6r\u00fc\u015fmede Cumhurba\u015fkan\u0131 Esad, siyasi ve medya sava\u015f\u0131n\u0131n \u015fu anda d\u00fcnyada en yo\u011fun halinde oldu\u011funu ve bu sava\u015flar\u0131n yo\u011funla\u015fmas\u0131n\u0131n siyasi duru\u015flarda daha fazla istikrar ve netlik gerektirdi\u011fini belirterek, Suriye&#8217;nin Donbass&#8217;taki Rus \u00f6zel askeri operasyonunu destekleme pozisyonuna i\u015faret etti.<\/p>\n<p style=\"text-align: justify;\">Kendi y\u00f6n\u00fcnden Lavrentiev ise Rusya&#8217;n\u0131n Ukrayna&#8217;daki askeri harekat\u0131n ba\u015flang\u0131c\u0131ndan bu yana Suriye&#8217;nin yap\u0131c\u0131 tutumlar\u0131n\u0131 takdir etti\u011fini belirterek, art\u0131k d\u00fcnyada Rusya&#8217;n\u0131n zaferine inanan bir\u00e7ok \u00fclke oldu\u011funa dikkat \u00e7ekerek, ABD ve m\u00fcttefiklerinin b\u00fcy\u00fck bask\u0131lar\u0131na ra\u011fmen Rusya ve Suriye&#8217;yi tecrit etmede ba\u015far\u0131s\u0131z olduklar\u0131n\u0131 s\u00f6yledi.<\/p>\n<p style=\"text-align: justify;\">Lavrentiev ayr\u0131ca, d\u00fcnyadaki h\u0131zl\u0131 geli\u015fmelere yat\u0131r\u0131m yap\u0131lmas\u0131 gerekti\u011fini de belirterek, Suriye, T\u00fcrkiye ve Rusya savunma bakanlar\u0131n\u0131 bir araya getiren \u00fc\u00e7l\u00fc toplant\u0131y\u0131 \u00fclkesinin olumlu de\u011ferlendirdi\u011fini ve bu toplant\u0131lar\u0131n d\u0131\u015fi\u015fleri bakanlar\u0131 d\u00fczeyinde takip edilmesinin ve geli\u015ftirilmesinin \u00f6nemini de\u011ferlendirdi\u011fine i\u015faret etti.<\/p>\n<p style=\"text-align: justify;\">Say\u0131n Cumhurba\u015fkan\u0131 Esad ise, Suriye&#8217;nin bu toplant\u0131lardan istedi\u011fi somut hedeflere ve sonu\u00e7lara ulusal de\u011fi\u015fmezler ve ilkeler temelinde ula\u015fmak i\u00e7in bu toplant\u0131lar\u0131n verimli olabilmesi i\u00e7in Suriye ile Rusya aras\u0131nda \u00f6nceden koordinasyon ve planlamaya dayanmas\u0131 gerekti\u011fini, bunun da devletin ve halk\u0131n i\u015fgale son verilmesi ve ter\u00f6re deste\u011fin kesilmesi esas\u0131na dayanan ilkelerden kaynakland\u0131\u011f\u0131na dikkat \u00e7ekti.<\/p>\n<div id='gallery-1' class='gallery galleryid-271036 gallery-columns-1 gallery-size-full'><figure class='gallery-item'>\n\t\t\t<div class='gallery-icon landscape'>\n\t\t\t\t<a href='https:\/\/archive.sana.sy\/tr\/wp-content\/uploads\/2023\/01\/01-1.jpg'><img loading=\"lazy\" decoding=\"async\" width=\"660\" height=\"440\" src=\"https:\/\/archive.sana.sy\/tr\/wp-content\/uploads\/2023\/01\/01-1.jpg\" class=\"attachment-full size-full\" alt=\"\" srcset=\"https:\/\/archive.sana.sy\/tr\/wp-content\/uploads\/2023\/01\/01-1.jpg 660w, https:\/\/archive.sana.sy\/tr\/wp-content\/uploads\/2023\/01\/01-1-300x200.jpg 300w, https:\/\/archive.sana.sy\/tr\/wp-content\/uploads\/2023\/01\/01-1-150x100.jpg 150w\" sizes=\"auto, (max-width: 660px) 100vw, 660px\" \/><\/a>\n\t\t\t<\/div><\/figure><figure class='gallery-item'>\n\t\t\t<div class='gallery-icon landscape'>\n\t\t\t\t<a href='https:\/\/archive.sana.sy\/tr\/wp-content\/uploads\/2023\/01\/05.jpg'><img loading=\"lazy\" decoding=\"async\" width=\"660\" height=\"332\" src=\"https:\/\/archive.sana.sy\/tr\/wp-content\/uploads\/2023\/01\/05.jpg\" class=\"attachment-full size-full\" alt=\"\" srcset=\"https:\/\/archive.sana.sy\/tr\/wp-content\/uploads\/2023\/01\/05.jpg 660w, https:\/\/archive.sana.sy\/tr\/wp-content\/uploads\/2023\/01\/05-300x151.jpg 300w, https:\/\/archive.sana.sy\/tr\/wp-content\/uploads\/2023\/01\/05-150x75.jpg 150w\" sizes=\"auto, (max-width: 660px) 100vw, 660px\" \/><\/a>\n\t\t\t<\/div><\/figure><figure class='gallery-item'>\n\t\t\t<div class='gallery-icon landscape'>\n\t\t\t\t<a href='https:\/\/archive.sana.sy\/tr\/wp-content\/uploads\/2023\/01\/06.jpg'><img loading=\"lazy\" decoding=\"async\" width=\"660\" height=\"410\" src=\"https:\/\/archive.sana.sy\/tr\/wp-content\/uploads\/2023\/01\/06.jpg\" class=\"attachment-full size-full\" alt=\"\" srcset=\"https:\/\/archive.sana.sy\/tr\/wp-content\/uploads\/2023\/01\/06.jpg 660w, https:\/\/archive.sana.sy\/tr\/wp-content\/uploads\/2023\/01\/06-300x186.jpg 300w, https:\/\/archive.sana.sy\/tr\/wp-content\/uploads\/2023\/01\/06-150x93.jpg 150w\" sizes=\"auto, (max-width: 660px) 100vw, 660px\" \/><\/a>\n\t\t\t<\/div><\/figure><figure class='gallery-item'>\n\t\t\t<div class='gallery-icon landscape'>\n\t\t\t\t<a href='https:\/\/archive.sana.sy\/tr\/wp-content\/uploads\/2023\/01\/11.jpg'><img loading=\"lazy\" decoding=\"async\" width=\"660\" height=\"469\" src=\"https:\/\/archive.sana.sy\/tr\/wp-content\/uploads\/2023\/01\/11.jpg\" class=\"attachment-full size-full\" alt=\"\" srcset=\"https:\/\/archive.sana.sy\/tr\/wp-content\/uploads\/2023\/01\/11.jpg 660w, https:\/\/archive.sana.sy\/tr\/wp-content\/uploads\/2023\/01\/11-300x213.jpg 300w, https:\/\/archive.sana.sy\/tr\/wp-content\/uploads\/2023\/01\/11-150x107.jpg 150w\" sizes=\"auto, (max-width: 660px) 100vw, 660px\" \/><\/a>\n\t\t\t<\/div><\/figure>\n\t\t<\/div>\n\n","protected":false},"excerpt":{"rendered":"<p>\u015eAM &#8211; Say\u0131n Cumhurba\u015fkan\u0131 Be\u015f\u015far Esad, bug\u00fcn Rusya Devlet Ba\u015fkan\u0131 Vladimir Putin&#8217;in \u00f6zel temsilcisi Aleksander Lavrentiev ve beraberindeki heyet ile bir araya geldi. Kabulde iki taraf aras\u0131nda Suriye-Rusya stratejik ili\u015fkilerinin seyri, iki dost \u00fclke ve halklar\u0131n \u00e7\u0131karlar\u0131na hizmet eden her alanda geli\u015fme mekanizmalar\u0131 hakk\u0131nda g\u00f6r\u00fc\u015fmeler yap\u0131ld\u0131. B\u00f6lgesel ve uluslararas\u0131 durumlar\u0131n da ele al\u0131nd\u0131\u011f\u0131 g\u00f6r\u00fc\u015fmede Cumhurba\u015fkan\u0131 &hellip;<\/p>\n","protected":false},"author":1,"featured_media":271037,"comment_status":"closed","ping_status":"closed","sticky":false,"template":"","format":"standard","meta":{"footnotes":""},"categories":[479,17988,478],"tags":[],"class_list":["post-271036","post","type-post","status-publish","format-standard","has-post-thumbnail","","category-haberler-yerel","category-son-haberler","category-yerel"],"_links":{"self":[{"href":"https:\/\/archive.sana.sy\/tr\/index.php?rest_route=\/wp\/v2\/posts\/271036","targetHints":{"allow":["GET"]}}],"collection":[{"href":"https:\/\/archive.sana.sy\/tr\/index.php?rest_route=\/wp\/v2\/posts"}],"about":[{"href":"https:\/\/archive.sana.sy\/tr\/index.php?rest_route=\/wp\/v2\/types\/post"}],"author":[{"embeddable":true,"href":"https:\/\/archive.sana.sy\/tr\/index.php?rest_route=\/wp\/v2\/users\/1"}],"replies":[{"embeddable":true,"href":"https:\/\/archive.sana.sy\/tr\/index.php?rest_route=%2Fwp%2Fv2%2Fcomments&post=271036"}],"version-history":[{"count":0,"href":"https:\/\/archive.sana.sy\/tr\/index.php?rest_route=\/wp\/v2\/posts\/271036\/revisions"}],"wp:featuredmedia":[{"embeddable":true,"href":"https:\/\/archive.sana.sy\/tr\/index.php?rest_route=\/wp\/v2\/media\/271037"}],"wp:attachment":[{"href":"https:\/\/archive.sana.sy\/tr\/index.php?rest_route=%2Fwp%2Fv2%2Fmedia&parent=271036"}],"wp:term":[{"taxonomy":"category","embeddable":true,"href":"https:\/\/archive.sana.sy\/tr\/index.php?rest_route=%2Fwp%2Fv2%2Fcategories&post=271036"},{"taxonomy":"post_tag","embeddable":true,"href":"https:\/\/archive.sana.sy\/tr\/index.php?rest_route=%2Fwp%2Fv2%2Ftags&post=271036"}],"curies":[{"name":"wp","href":"https:\/\/api.w.org\/{rel}","templated":true}]}}