{"id":271039,"date":"2023-01-12T17:37:21","date_gmt":"2023-01-12T15:37:21","guid":{"rendered":"http:\/\/107.6.182.27\/tr\/?p=271039"},"modified":"2023-01-14T08:36:29","modified_gmt":"2023-01-14T06:36:29","slug":"filistin-davasini-destekleyici-adimla-brezilya-devlet-baskani-ulkesinin-israil-buyukelcisini-gorevden-aldi","status":"publish","type":"post","link":"https:\/\/archive.sana.sy\/tr\/?p=271039","title":{"rendered":"Filistin Davas\u0131n\u0131 Destekleyici Ad\u0131mla.. Brezilya Devlet Ba\u015fkan\u0131, \u00dclkesinin \u0130srail B\u00fcy\u00fckel\u00e7isini G\u00f6revden Ald\u0131"},"content":{"rendered":"<p style=\"text-align: justify;\"><span style=\"color: #800000;\">BREZ\u0130LYA<\/span> &#8211; Brezilya&#8217;n\u0131n yeni Cumhurba\u015fkan\u0131 Luiz Inacio Lula da Silva, Filistin davas\u0131n\u0131 desteklemek i\u00e7in 2020&#8217;de eski Devlet Ba\u015fkan\u0131 Jair Bolsonaro taraf\u0131ndan atanan \u00fclkesinin \u0130srail b\u00fcy\u00fckel\u00e7isi Gerson Ferentes&#8217;i g\u00f6revden ald\u0131.<\/p>\n<p style=\"text-align: justify;\">\u0130srail medyas\u0131 g\u00f6revden alma karar\u0131n\u0131 Benjamin Netanyahu h\u00fck\u00fcmeti i\u00e7in bir s\u00fcrpriz olarak nitelendirdi ve bunun Brezilya&#8217;n\u0131n \u0130srail&#8217;e y\u00f6nelik politikas\u0131ndaki bir de\u011fi\u015fikli\u011fi yans\u0131tt\u0131\u011f\u0131n\u0131 belirterek, Ba\u015fkan Bolsonaro&#8217;nun g\u00f6rev s\u00fcresi boyunca \u00fclkesinin d\u0131\u015f politikas\u0131n\u0131 \u00f6nemli \u00f6l\u00e7\u00fcde de\u011fi\u015ftirdi\u011fini ve seleflerinden daha \u0130srail yanl\u0131s\u0131 bir duru\u015f sergiledi\u011fini ve o d\u00f6nemde Filistin konusunda Birle\u015fmi\u015f Milletler kurumlar\u0131nda \u00fclkesinin oy verme \u015feklini de\u011fi\u015ftirdi\u011fini kaydetti.<\/p>\n<p style=\"text-align: justify;\">Kendi y\u00f6n\u00fcnden Brezilya D\u0131\u015fi\u015fleri Bakan\u0131 Mauro Vieira ise yeni h\u00fck\u00fcmetin kurulmas\u0131 \u00fczerine yapt\u0131\u011f\u0131 a\u00e7\u0131klamada, &#8220;Lula da Silva&#8217;n\u0131n bu ay\u0131n ba\u015f\u0131nda g\u00f6reve gelen h\u00fck\u00fcmeti d\u00f6neminde Brezilya, ba\u015fta Filistin olmak \u00fczere Arap \u00fclkeleriyle i\u015fbirli\u011fini g\u00fc\u00e7lendirecektir&#8221; dedi.<\/p>\n","protected":false},"excerpt":{"rendered":"<p>BREZ\u0130LYA &#8211; Brezilya&#8217;n\u0131n yeni Cumhurba\u015fkan\u0131 Luiz Inacio Lula da Silva, Filistin davas\u0131n\u0131 desteklemek i\u00e7in 2020&#8217;de eski Devlet Ba\u015fkan\u0131 Jair Bolsonaro taraf\u0131ndan atanan \u00fclkesinin \u0130srail b\u00fcy\u00fckel\u00e7isi Gerson Ferentes&#8217;i g\u00f6revden ald\u0131. \u0130srail medyas\u0131 g\u00f6revden alma karar\u0131n\u0131 Benjamin Netanyahu h\u00fck\u00fcmeti i\u00e7in bir s\u00fcrpriz olarak nitelendirdi ve bunun Brezilya&#8217;n\u0131n \u0130srail&#8217;e y\u00f6nelik politikas\u0131ndaki bir de\u011fi\u015fikli\u011fi yans\u0131tt\u0131\u011f\u0131n\u0131 belirterek, Ba\u015fkan Bolsonaro&#8217;nun g\u00f6rev &hellip;<\/p>\n","protected":false},"author":1,"featured_media":271040,"comment_status":"closed","ping_status":"closed","sticky":false,"template":"","format":"standard","meta":{"footnotes":""},"categories":[458,459,17988],"tags":[],"class_list":["post-271039","post","type-post","status-publish","format-standard","has-post-thumbnail","","category-dunya1","category-haberler-arap-uluslararasi-politika","category-son-haberler"],"_links":{"self":[{"href":"https:\/\/archive.sana.sy\/tr\/index.php?rest_route=\/wp\/v2\/posts\/271039","targetHints":{"allow":["GET"]}}],"collection":[{"href":"https:\/\/archive.sana.sy\/tr\/index.php?rest_route=\/wp\/v2\/posts"}],"about":[{"href":"https:\/\/archive.sana.sy\/tr\/index.php?rest_route=\/wp\/v2\/types\/post"}],"author":[{"embeddable":true,"href":"https:\/\/archive.sana.sy\/tr\/index.php?rest_route=\/wp\/v2\/users\/1"}],"replies":[{"embeddable":true,"href":"https:\/\/archive.sana.sy\/tr\/index.php?rest_route=%2Fwp%2Fv2%2Fcomments&post=271039"}],"version-history":[{"count":0,"href":"https:\/\/archive.sana.sy\/tr\/index.php?rest_route=\/wp\/v2\/posts\/271039\/revisions"}],"wp:featuredmedia":[{"embeddable":true,"href":"https:\/\/archive.sana.sy\/tr\/index.php?rest_route=\/wp\/v2\/media\/271040"}],"wp:attachment":[{"href":"https:\/\/archive.sana.sy\/tr\/index.php?rest_route=%2Fwp%2Fv2%2Fmedia&parent=271039"}],"wp:term":[{"taxonomy":"category","embeddable":true,"href":"https:\/\/archive.sana.sy\/tr\/index.php?rest_route=%2Fwp%2Fv2%2Fcategories&post=271039"},{"taxonomy":"post_tag","embeddable":true,"href":"https:\/\/archive.sana.sy\/tr\/index.php?rest_route=%2Fwp%2Fv2%2Ftags&post=271039"}],"curies":[{"name":"wp","href":"https:\/\/api.w.org\/{rel}","templated":true}]}}