{"id":271048,"date":"2023-01-12T17:50:31","date_gmt":"2023-01-12T15:50:31","guid":{"rendered":"http:\/\/107.6.182.27\/tr\/?p=271048"},"modified":"2023-01-14T08:36:35","modified_gmt":"2023-01-14T06:36:35","slug":"ilk-ve-orta-dereceli-okullarin-2022-2023-yili-1-donem-sinavlari-sona-erdi","status":"publish","type":"post","link":"https:\/\/archive.sana.sy\/tr\/?p=271048","title":{"rendered":"\u0130lk Ve Orta Dereceli Okullar\u0131n 2022-2023 Y\u0131l\u0131 1. D\u00f6nem S\u0131navlar\u0131 Sona Erdi"},"content":{"rendered":"<p style=\"text-align: justify;\"><span style=\"color: #800000;\">\u015eAM<\/span> &#8211; T\u00fcm illerde ilk ve orta dereceli okullardan yakla\u015f\u0131k 3.624.816 k\u0131z ve erkek \u00f6\u011frencinin 2022-2023 y\u0131l\u0131n\u0131n birinci yar\u0131y\u0131l s\u0131navlar\u0131 sona erdi.<\/p>\n<p style=\"text-align: justify;\"><a href=\"http:\/\/107.6.182.27\/tr\/wp-content\/uploads\/2023\/01\/0002-2-300x195-1.jpg\"><img loading=\"lazy\" decoding=\"async\" class=\"alignright size-full wp-image-271050\" src=\"http:\/\/107.6.182.27\/tr\/wp-content\/uploads\/2023\/01\/0002-2-300x195-1.jpg\" alt=\"\" width=\"300\" height=\"195\" srcset=\"https:\/\/archive.sana.sy\/tr\/wp-content\/uploads\/2023\/01\/0002-2-300x195-1.jpg 300w, https:\/\/archive.sana.sy\/tr\/wp-content\/uploads\/2023\/01\/0002-2-300x195-1-150x98.jpg 150w\" sizes=\"auto, (max-width: 300px) 100vw, 300px\" \/><\/a>Milli E\u011fitim Bakanl\u0131\u011f\u0131&#8217;n\u0131n yay\u0131mlad\u0131\u011f\u0131 2022-2023 E\u011fitim-\u00d6\u011fretim y\u0131l\u0131 takvimine g\u00f6re yar\u0131y\u0131l tatili 13 Ocak Cuma g\u00fcn\u00fc ba\u015flayacak ve 21 Ocak Cumartesi g\u00fcn\u00fcne kadar devam edecek.<\/p>\n<p style=\"text-align: justify;\">Bilinece\u011fi \u00fczere 4 Ocak&#8217;ta ilk ve orta dereceli okullarda 3,6 milyondan fazla k\u0131z ve erkek \u00f6\u011frenci 2022-2023 y\u0131l\u0131n\u0131n ilk d\u00f6nem s\u0131navlar\u0131n\u0131 vermeye ba\u015flam\u0131\u015ft\u0131.<\/p>\n","protected":false},"excerpt":{"rendered":"<p>\u015eAM &#8211; T\u00fcm illerde ilk ve orta dereceli okullardan yakla\u015f\u0131k 3.624.816 k\u0131z ve erkek \u00f6\u011frencinin 2022-2023 y\u0131l\u0131n\u0131n birinci yar\u0131y\u0131l s\u0131navlar\u0131 sona erdi. Milli E\u011fitim Bakanl\u0131\u011f\u0131&#8217;n\u0131n yay\u0131mlad\u0131\u011f\u0131 2022-2023 E\u011fitim-\u00d6\u011fretim y\u0131l\u0131 takvimine g\u00f6re yar\u0131y\u0131l tatili 13 Ocak Cuma g\u00fcn\u00fc ba\u015flayacak ve 21 Ocak Cumartesi g\u00fcn\u00fcne kadar devam edecek. Bilinece\u011fi \u00fczere 4 Ocak&#8217;ta ilk ve orta dereceli okullarda &hellip;<\/p>\n","protected":false},"author":1,"featured_media":271049,"comment_status":"closed","ping_status":"closed","sticky":false,"template":"","format":"standard","meta":{"footnotes":""},"categories":[479,17988,478],"tags":[],"class_list":["post-271048","post","type-post","status-publish","format-standard","has-post-thumbnail","","category-haberler-yerel","category-son-haberler","category-yerel"],"_links":{"self":[{"href":"https:\/\/archive.sana.sy\/tr\/index.php?rest_route=\/wp\/v2\/posts\/271048","targetHints":{"allow":["GET"]}}],"collection":[{"href":"https:\/\/archive.sana.sy\/tr\/index.php?rest_route=\/wp\/v2\/posts"}],"about":[{"href":"https:\/\/archive.sana.sy\/tr\/index.php?rest_route=\/wp\/v2\/types\/post"}],"author":[{"embeddable":true,"href":"https:\/\/archive.sana.sy\/tr\/index.php?rest_route=\/wp\/v2\/users\/1"}],"replies":[{"embeddable":true,"href":"https:\/\/archive.sana.sy\/tr\/index.php?rest_route=%2Fwp%2Fv2%2Fcomments&post=271048"}],"version-history":[{"count":0,"href":"https:\/\/archive.sana.sy\/tr\/index.php?rest_route=\/wp\/v2\/posts\/271048\/revisions"}],"wp:featuredmedia":[{"embeddable":true,"href":"https:\/\/archive.sana.sy\/tr\/index.php?rest_route=\/wp\/v2\/media\/271049"}],"wp:attachment":[{"href":"https:\/\/archive.sana.sy\/tr\/index.php?rest_route=%2Fwp%2Fv2%2Fmedia&parent=271048"}],"wp:term":[{"taxonomy":"category","embeddable":true,"href":"https:\/\/archive.sana.sy\/tr\/index.php?rest_route=%2Fwp%2Fv2%2Fcategories&post=271048"},{"taxonomy":"post_tag","embeddable":true,"href":"https:\/\/archive.sana.sy\/tr\/index.php?rest_route=%2Fwp%2Fv2%2Ftags&post=271048"}],"curies":[{"name":"wp","href":"https:\/\/api.w.org\/{rel}","templated":true}]}}