{"id":271052,"date":"2023-01-12T17:54:01","date_gmt":"2023-01-12T15:54:01","guid":{"rendered":"http:\/\/107.6.182.27\/tr\/?p=271052"},"modified":"2023-01-14T08:36:43","modified_gmt":"2023-01-14T06:36:43","slug":"tarim-bakani-suriyeye-yonelik-teror-savasi-kalkinma-kazanimlarinin-buyuk-bir-kisminin-heba-olmasina-neden-oldu","status":"publish","type":"post","link":"https:\/\/archive.sana.sy\/tr\/?p=271052","title":{"rendered":"Tar\u0131m Bakan\u0131: Suriye&#8217;ye Y\u00f6nelik Ter\u00f6r Sava\u015f\u0131, Kalk\u0131nma Kazan\u0131mlar\u0131n\u0131n B\u00fcy\u00fck Bir K\u0131sm\u0131n\u0131n Heba Olmas\u0131na Neden Oldu"},"content":{"rendered":"<p><span style=\"color: #800000;\">\u015eAM<\/span> &#8211; Tar\u0131m ve Tar\u0131m Reformu Bakan\u0131, M\u00fch. Muhammed Hassan Katana Suriye&#8217;nin ter\u00f6r sava\u015f\u0131 nedeniyle kar\u015f\u0131 kar\u015f\u0131ya kald\u0131\u011f\u0131 istisnai ko\u015fullar ve kendisine uygulanan tek tarafl\u0131 zorlay\u0131c\u0131 \u00f6nlemler, uzun y\u0131llara dayanan s\u00fcrd\u00fcr\u00fclebilir kalk\u0131nman\u0131n birikmi\u015f ba\u015far\u0131lar\u0131n\u0131n kaybedilmesine neden oldu\u011funu belirtti.<\/p>\n<p>Bakan Katana bug\u00fcn G\u0131da ve Tar\u0131m \u00d6rg\u00fct\u00fc&#8217;n\u00fcn (FAO) d\u00fczenledi\u011fi Zoom program\u0131 \u00fczerinden ger\u00e7ekle\u015ftirdi\u011fi sanal diyaloga kat\u0131ld\u0131\u011f\u0131 s\u0131rada yapt\u0131\u011f\u0131 konu\u015fmada, bu sava\u015f\u0131n bir\u00e7ok sekt\u00f6rde kalk\u0131nma kazan\u0131mlar\u0131n\u0131n b\u00fcy\u00fck bir b\u00f6l\u00fcm\u00fcn\u00fcn heba olmas\u0131na neden oldu\u011funu, g\u0131da ve temel ihtiya\u00e7 maddelerinde kendi kendine yeterlilik ve bunlar\u0131n ki\u015fi ba\u015f\u0131na d\u00fc\u015fen pay\u0131 gibi \u00f6nemli ekonomik g\u00f6stergelerde d\u00fc\u015f\u00fc\u015f kaydetti\u011fini s\u00f6yledi.<\/p>\n<p><a href=\"http:\/\/107.6.182.27\/tr\/wp-content\/uploads\/2023\/01\/photo_2023-01-12_14-25-17.jpg\"><img loading=\"lazy\" decoding=\"async\" class=\"alignright size-medium wp-image-271054\" src=\"http:\/\/107.6.182.27\/tr\/wp-content\/uploads\/2023\/01\/photo_2023-01-12_14-25-17-300x200.jpg\" alt=\"\" width=\"300\" height=\"200\" srcset=\"https:\/\/archive.sana.sy\/tr\/wp-content\/uploads\/2023\/01\/photo_2023-01-12_14-25-17-300x200.jpg 300w, https:\/\/archive.sana.sy\/tr\/wp-content\/uploads\/2023\/01\/photo_2023-01-12_14-25-17-150x100.jpg 150w, https:\/\/archive.sana.sy\/tr\/wp-content\/uploads\/2023\/01\/photo_2023-01-12_14-25-17.jpg 660w\" sizes=\"auto, (max-width: 300px) 100vw, 300px\" \/><\/a>Bakan Katana, g\u0131da arz\u0131n\u0131 ve fiyatlar\u0131n\u0131 olumsuz etkileyen krizler ve iklim de\u011fi\u015fiklikleri \u0131\u015f\u0131\u011f\u0131nda g\u0131da ve g\u0131da g\u00fcvenli\u011fi konusunu tart\u0131\u015fmak, enerji ve g\u00fcbre gibi \u00fcretim ihtiya\u00e7lar\u0131n\u0131 g\u00fcvence alt\u0131na almak i\u00e7in bu diyalo\u011fun \u00f6nemine i\u015faret etti.<\/p>\n<p>Katana, Suriye&#8217;nin, Arap b\u00f6lgesindeki \u00f6nceliklerini belirlemek i\u00e7in b\u00f6lgesel isti\u015farelere ve Eyl\u00fcl 2015&#8217;teki Birle\u015fmi\u015f Milletler Genel Kurulu toplant\u0131s\u0131na kat\u0131larak s\u00fcrd\u00fcr\u00fclebilir kalk\u0131nma hedeflerinin olu\u015fturulmas\u0131na katk\u0131da bulundu\u011funa dikkat \u00e7ekti.<\/p>\n<p>Katana, Suriye&#8217;nin ter\u00f6r sava\u015f\u0131ndan \u00f6nceki y\u0131llarda iyi ve istikrarl\u0131 b\u00fcy\u00fcme oranlar\u0131 ve e\u011fitim, sa\u011fl\u0131k, kad\u0131nlar\u0131n g\u00fc\u00e7lendirilmesi ve kendi kendine yeterlilik gibi bir\u00e7ok alanda kalk\u0131nma ba\u015far\u0131lar\u0131 elde etti\u011fini ve bunun da onu ba\u015far\u0131ya giden \u00fclkelerden biri yapt\u0131\u011f\u0131n\u0131 belirtti.<\/p>\n<p>Katana, (FAO)&#8217;nun krizlerden, sava\u015flardan ve iklim de\u011fi\u015fikli\u011finden etkilenen \u00fclkelere yard\u0131m etme ve desteklemedeki rol\u00fcne at\u0131fta bulunarak, bu \u00fclkelerdeki tar\u0131m ve g\u0131da sistemlerini daha verimli, kapsay\u0131c\u0131, dayan\u0131kl\u0131 ve s\u00fcrd\u00fcr\u00fclebilir hale getirmek i\u00e7in d\u00f6n\u00fc\u015ft\u00fcrmeye y\u00f6nelik yat\u0131r\u0131mlar\u0131 art\u0131rma gere\u011fini vurgulad\u0131.<\/p>\n","protected":false},"excerpt":{"rendered":"<p>\u015eAM &#8211; Tar\u0131m ve Tar\u0131m Reformu Bakan\u0131, M\u00fch. Muhammed Hassan Katana Suriye&#8217;nin ter\u00f6r sava\u015f\u0131 nedeniyle kar\u015f\u0131 kar\u015f\u0131ya kald\u0131\u011f\u0131 istisnai ko\u015fullar ve kendisine uygulanan tek tarafl\u0131 zorlay\u0131c\u0131 \u00f6nlemler, uzun y\u0131llara dayanan s\u00fcrd\u00fcr\u00fclebilir kalk\u0131nman\u0131n birikmi\u015f ba\u015far\u0131lar\u0131n\u0131n kaybedilmesine neden oldu\u011funu belirtti. Bakan Katana bug\u00fcn G\u0131da ve Tar\u0131m \u00d6rg\u00fct\u00fc&#8217;n\u00fcn (FAO) d\u00fczenledi\u011fi Zoom program\u0131 \u00fczerinden ger\u00e7ekle\u015ftirdi\u011fi sanal diyaloga kat\u0131ld\u0131\u011f\u0131 s\u0131rada &hellip;<\/p>\n","protected":false},"author":1,"featured_media":271053,"comment_status":"closed","ping_status":"closed","sticky":false,"template":"","format":"standard","meta":{"footnotes":""},"categories":[479,17988,478],"tags":[],"class_list":["post-271052","post","type-post","status-publish","format-standard","has-post-thumbnail","","category-haberler-yerel","category-son-haberler","category-yerel"],"_links":{"self":[{"href":"https:\/\/archive.sana.sy\/tr\/index.php?rest_route=\/wp\/v2\/posts\/271052","targetHints":{"allow":["GET"]}}],"collection":[{"href":"https:\/\/archive.sana.sy\/tr\/index.php?rest_route=\/wp\/v2\/posts"}],"about":[{"href":"https:\/\/archive.sana.sy\/tr\/index.php?rest_route=\/wp\/v2\/types\/post"}],"author":[{"embeddable":true,"href":"https:\/\/archive.sana.sy\/tr\/index.php?rest_route=\/wp\/v2\/users\/1"}],"replies":[{"embeddable":true,"href":"https:\/\/archive.sana.sy\/tr\/index.php?rest_route=%2Fwp%2Fv2%2Fcomments&post=271052"}],"version-history":[{"count":0,"href":"https:\/\/archive.sana.sy\/tr\/index.php?rest_route=\/wp\/v2\/posts\/271052\/revisions"}],"wp:featuredmedia":[{"embeddable":true,"href":"https:\/\/archive.sana.sy\/tr\/index.php?rest_route=\/wp\/v2\/media\/271053"}],"wp:attachment":[{"href":"https:\/\/archive.sana.sy\/tr\/index.php?rest_route=%2Fwp%2Fv2%2Fmedia&parent=271052"}],"wp:term":[{"taxonomy":"category","embeddable":true,"href":"https:\/\/archive.sana.sy\/tr\/index.php?rest_route=%2Fwp%2Fv2%2Fcategories&post=271052"},{"taxonomy":"post_tag","embeddable":true,"href":"https:\/\/archive.sana.sy\/tr\/index.php?rest_route=%2Fwp%2Fv2%2Ftags&post=271052"}],"curies":[{"name":"wp","href":"https:\/\/api.w.org\/{rel}","templated":true}]}}