{"id":271061,"date":"2023-01-13T09:58:50","date_gmt":"2023-01-13T07:58:50","guid":{"rendered":"http:\/\/107.6.182.27\/tr\/?p=271061"},"modified":"2023-01-14T08:37:01","modified_gmt":"2023-01-14T06:37:01","slug":"iran-wasingtonun-yasadisi-eylemlerinin-uluslararasi-baris-ve-guvenlik-uzerinde-yikici-bir-etkisi-olacak","status":"publish","type":"post","link":"https:\/\/archive.sana.sy\/tr\/?p=271061","title":{"rendered":"\u0130ran: Wa\u015fington&#8217;un Yasad\u0131\u015f\u0131 Eylemlerinin Uluslararas\u0131 Bar\u0131\u015f Ve G\u00fcvenlik \u00dczerinde Y\u0131k\u0131c\u0131 Bir Etkisi Olacak"},"content":{"rendered":"<p style=\"text-align: justify;\">NEW YORK &#8211; \u0130ran&#8217;\u0131n Birle\u015fmi\u015f Milletler Daimi Temsilcisi Emir Said Ervani, ABD&#8217;nin \u0130ran da dahil olmak \u00fczere Birle\u015fmi\u015f Milletler&#8217;in ba\u011f\u0131ms\u0131z \u00fcye devletlerine kar\u015f\u0131 izledi\u011fi yasad\u0131\u015f\u0131 tek tarafl\u0131 icraatlar\u0131n\u0131n hukukun \u00fcst\u00fcnl\u00fc\u011f\u00fcn\u00fc zay\u0131flatt\u0131\u011f\u0131n\u0131 ve Birle\u015fmi\u015f Milletler \u015eart\u0131&#8217;n\u0131 ihlal etti\u011fini belirtti.<\/p>\n<p style=\"text-align: justify;\">Ervani, G\u00fcvenlik Konseyi&#8217;nin &#8220;Uluslararas\u0131 bar\u0131\u015f ve g\u00fcvenli\u011fin korunmas\u0131nda hukukun \u00fcst\u00fcnl\u00fc\u011f\u00fcn\u00fc desteklemek ve g\u00fc\u00e7lendirmek&#8221; ba\u015fl\u0131kl\u0131 toplant\u0131s\u0131nda yapt\u0131\u011f\u0131 konu\u015fmada: &#8220;Hukukun \u00fcst\u00fcnl\u00fc\u011f\u00fc, bar\u0131\u015f ve g\u00fcvenli\u011fi korumak i\u00e7in ve uluslararas\u0131 bir hukuk sisteminin uygulanmas\u0131nda istikrar ve adalet kapasitesini artt\u0131rd\u0131\u011f\u0131 i\u00e7in gereklidir&#8221; dedi.<\/p>\n<p style=\"text-align: justify;\">Ervani: BM G\u00fcvenlik Konseyi kararlar\u0131n\u0131n uygulanmas\u0131yla ilgili olarak, Wa\u015fington&#8217;un yasad\u0131\u015f\u0131 eylemlerinin uluslararas\u0131 bar\u0131\u015f ve g\u00fcvenlik \u00fczerinde y\u0131k\u0131c\u0131 bir etkisi olaca\u011f\u0131n\u0131, bunun da \u00f6zellikle Ortado\u011fu&#8217;da belirgin oldu\u011funu, G\u00fcvenlik Konseyi&#8217;nin, \u0130srail varl\u0131\u011f\u0131n\u0131n \u0130\u015fgal Alt\u0131ndaki Filistin Topraklar\u0131nda i\u015fledi\u011fi devam eden su\u00e7lara ve insan haklar\u0131 ihlallerine kar\u015f\u0131, Birle\u015fmi\u015f Milletler kararlar\u0131n\u0131n ve uluslararas\u0131 hukukun devam eden ihlali de dahil olmak \u00fczere etkili tedbirler almada ba\u015far\u0131s\u0131z kald\u0131\u011f\u0131n\u0131, buna ek olarak Konsey&#8217;in Suriye topraklar\u0131n\u0131n b\u00fct\u00fcnl\u00fc\u011f\u00fcn\u00fc ihlal eden sald\u0131r\u0131 ve i\u015fgal eylemleriyle ba\u015fa \u00e7\u0131kmada da ba\u015far\u0131s\u0131z kald\u0131\u011f\u0131n\u0131 s\u00f6yledi.<\/p>\n<p style=\"text-align: justify;\">Ervani, hukukun \u00fcst\u00fcnl\u00fc\u011f\u00fcn\u00fc g\u00fc\u00e7lendirmek i\u00e7in t\u00fcm \u00fcye devletlerin uluslararas\u0131 hukuk ve Birle\u015fmi\u015f Milletler T\u00fcz\u00fc\u011f\u00fc ile uluslararas\u0131 anla\u015fmalar ve s\u00f6zle\u015fmeler kapsam\u0131ndaki y\u00fck\u00fcml\u00fcl\u00fcklerine uymas\u0131, diplomatik ara\u00e7lar\u0131 ve anla\u015fmazl\u0131klar\u0131 bar\u0131\u015f\u00e7\u0131l yollarla, bar\u0131\u015f ve g\u00fcvenlik yasalar\u0131na ve ilkelerine dayal\u0131 \u00e7\u00f6z\u00fcmler bulmak i\u00e7in di\u011fer \u00fclkelerle i\u015fbirli\u011fi yapmada diyalogu kullanmas\u0131 gerekti\u011fini vurgulad\u0131.<\/p>\n","protected":false},"excerpt":{"rendered":"<p>NEW YORK &#8211; \u0130ran&#8217;\u0131n Birle\u015fmi\u015f Milletler Daimi Temsilcisi Emir Said Ervani, ABD&#8217;nin \u0130ran da dahil olmak \u00fczere Birle\u015fmi\u015f Milletler&#8217;in ba\u011f\u0131ms\u0131z \u00fcye devletlerine kar\u015f\u0131 izledi\u011fi yasad\u0131\u015f\u0131 tek tarafl\u0131 icraatlar\u0131n\u0131n hukukun \u00fcst\u00fcnl\u00fc\u011f\u00fcn\u00fc zay\u0131flatt\u0131\u011f\u0131n\u0131 ve Birle\u015fmi\u015f Milletler \u015eart\u0131&#8217;n\u0131 ihlal etti\u011fini belirtti. Ervani, G\u00fcvenlik Konseyi&#8217;nin &#8220;Uluslararas\u0131 bar\u0131\u015f ve g\u00fcvenli\u011fin korunmas\u0131nda hukukun \u00fcst\u00fcnl\u00fc\u011f\u00fcn\u00fc desteklemek ve g\u00fc\u00e7lendirmek&#8221; ba\u015fl\u0131kl\u0131 toplant\u0131s\u0131nda yapt\u0131\u011f\u0131 konu\u015fmada: &hellip;<\/p>\n","protected":false},"author":1,"featured_media":271062,"comment_status":"closed","ping_status":"closed","sticky":false,"template":"","format":"standard","meta":{"footnotes":""},"categories":[458,459,17988],"tags":[],"class_list":["post-271061","post","type-post","status-publish","format-standard","has-post-thumbnail","","category-dunya1","category-haberler-arap-uluslararasi-politika","category-son-haberler"],"_links":{"self":[{"href":"https:\/\/archive.sana.sy\/tr\/index.php?rest_route=\/wp\/v2\/posts\/271061","targetHints":{"allow":["GET"]}}],"collection":[{"href":"https:\/\/archive.sana.sy\/tr\/index.php?rest_route=\/wp\/v2\/posts"}],"about":[{"href":"https:\/\/archive.sana.sy\/tr\/index.php?rest_route=\/wp\/v2\/types\/post"}],"author":[{"embeddable":true,"href":"https:\/\/archive.sana.sy\/tr\/index.php?rest_route=\/wp\/v2\/users\/1"}],"replies":[{"embeddable":true,"href":"https:\/\/archive.sana.sy\/tr\/index.php?rest_route=%2Fwp%2Fv2%2Fcomments&post=271061"}],"version-history":[{"count":0,"href":"https:\/\/archive.sana.sy\/tr\/index.php?rest_route=\/wp\/v2\/posts\/271061\/revisions"}],"wp:featuredmedia":[{"embeddable":true,"href":"https:\/\/archive.sana.sy\/tr\/index.php?rest_route=\/wp\/v2\/media\/271062"}],"wp:attachment":[{"href":"https:\/\/archive.sana.sy\/tr\/index.php?rest_route=%2Fwp%2Fv2%2Fmedia&parent=271061"}],"wp:term":[{"taxonomy":"category","embeddable":true,"href":"https:\/\/archive.sana.sy\/tr\/index.php?rest_route=%2Fwp%2Fv2%2Fcategories&post=271061"},{"taxonomy":"post_tag","embeddable":true,"href":"https:\/\/archive.sana.sy\/tr\/index.php?rest_route=%2Fwp%2Fv2%2Ftags&post=271061"}],"curies":[{"name":"wp","href":"https:\/\/api.w.org\/{rel}","templated":true}]}}