{"id":271065,"date":"2023-01-13T18:21:43","date_gmt":"2023-01-13T16:21:43","guid":{"rendered":"http:\/\/107.6.182.27\/tr\/?p=271065"},"modified":"2023-01-14T08:37:27","modified_gmt":"2023-01-14T06:37:27","slug":"rus-kuvvetleri-donetsk-halk-cumhuriyetindeki-solidar-sehrinin-tamamini-kurtardi","status":"publish","type":"post","link":"https:\/\/archive.sana.sy\/tr\/?p=271065","title":{"rendered":"Rus Kuvvetleri, Donetsk Halk Cumhuriyeti&#8217;ndeki Solidar \u015eehrinin Tamam\u0131n\u0131 Kurtard\u0131"},"content":{"rendered":"<p>MOSKOVA &#8211; Rus kuvvetleri, b\u00f6lgedeki ba\u015far\u0131l\u0131 taarruzunu geli\u015ftirecek ve Ukrayna kuvvetlerinin Artyomyvsk \u015fehrinde ikmal yollar\u0131n\u0131 kesecek olan Donetsk Halk Cumhuriyeti&#8217;ndeki Solidar \u015fehrinin tamam\u0131n\u0131n kontrol\u00fcn\u00fc ele ge\u00e7irdi.<\/p>\n<p>Rusya Savunma Bakanl\u0131\u011f\u0131 bug\u00fcn yapt\u0131\u011f\u0131 a\u00e7\u0131klamada, &#8220;Solidar&#8217;\u0131n kontrol\u00fcn\u00fcn ele ge\u00e7irilmesi, Ukrayna kuvvetlerinin, onun g\u00fcneybat\u0131s\u0131nda bulunan Artyomivsk (Bakhmut) \u015fehrinde ikmal yollar\u0131n\u0131n kesilmesini ve ard\u0131ndan Artyomivsk&#8217;te kalan Ukrayna kuvvetlerini ku\u015fatmay\u0131 m\u00fcmk\u00fcn k\u0131l\u0131yor&#8221; dedi.<\/p>\n","protected":false},"excerpt":{"rendered":"<p>MOSKOVA &#8211; Rus kuvvetleri, b\u00f6lgedeki ba\u015far\u0131l\u0131 taarruzunu geli\u015ftirecek ve Ukrayna kuvvetlerinin Artyomyvsk \u015fehrinde ikmal yollar\u0131n\u0131 kesecek olan Donetsk Halk Cumhuriyeti&#8217;ndeki Solidar \u015fehrinin tamam\u0131n\u0131n kontrol\u00fcn\u00fc ele ge\u00e7irdi. Rusya Savunma Bakanl\u0131\u011f\u0131 bug\u00fcn yapt\u0131\u011f\u0131 a\u00e7\u0131klamada, &#8220;Solidar&#8217;\u0131n kontrol\u00fcn\u00fcn ele ge\u00e7irilmesi, Ukrayna kuvvetlerinin, onun g\u00fcneybat\u0131s\u0131nda bulunan Artyomivsk (Bakhmut) \u015fehrinde ikmal yollar\u0131n\u0131n kesilmesini ve ard\u0131ndan Artyomivsk&#8217;te kalan Ukrayna kuvvetlerini ku\u015fatmay\u0131 m\u00fcmk\u00fcn &hellip;<\/p>\n","protected":false},"author":1,"featured_media":271072,"comment_status":"closed","ping_status":"closed","sticky":false,"template":"","format":"standard","meta":{"footnotes":""},"categories":[458,459,17988],"tags":[],"class_list":["post-271065","post","type-post","status-publish","format-standard","has-post-thumbnail","","category-dunya1","category-haberler-arap-uluslararasi-politika","category-son-haberler"],"_links":{"self":[{"href":"https:\/\/archive.sana.sy\/tr\/index.php?rest_route=\/wp\/v2\/posts\/271065","targetHints":{"allow":["GET"]}}],"collection":[{"href":"https:\/\/archive.sana.sy\/tr\/index.php?rest_route=\/wp\/v2\/posts"}],"about":[{"href":"https:\/\/archive.sana.sy\/tr\/index.php?rest_route=\/wp\/v2\/types\/post"}],"author":[{"embeddable":true,"href":"https:\/\/archive.sana.sy\/tr\/index.php?rest_route=\/wp\/v2\/users\/1"}],"replies":[{"embeddable":true,"href":"https:\/\/archive.sana.sy\/tr\/index.php?rest_route=%2Fwp%2Fv2%2Fcomments&post=271065"}],"version-history":[{"count":0,"href":"https:\/\/archive.sana.sy\/tr\/index.php?rest_route=\/wp\/v2\/posts\/271065\/revisions"}],"wp:featuredmedia":[{"embeddable":true,"href":"https:\/\/archive.sana.sy\/tr\/index.php?rest_route=\/wp\/v2\/media\/271072"}],"wp:attachment":[{"href":"https:\/\/archive.sana.sy\/tr\/index.php?rest_route=%2Fwp%2Fv2%2Fmedia&parent=271065"}],"wp:term":[{"taxonomy":"category","embeddable":true,"href":"https:\/\/archive.sana.sy\/tr\/index.php?rest_route=%2Fwp%2Fv2%2Fcategories&post=271065"},{"taxonomy":"post_tag","embeddable":true,"href":"https:\/\/archive.sana.sy\/tr\/index.php?rest_route=%2Fwp%2Fv2%2Ftags&post=271065"}],"curies":[{"name":"wp","href":"https:\/\/api.w.org\/{rel}","templated":true}]}}