{"id":271074,"date":"2023-01-13T18:27:05","date_gmt":"2023-01-13T16:27:05","guid":{"rendered":"http:\/\/107.6.182.27\/tr\/?p=271074"},"modified":"2023-01-14T08:37:32","modified_gmt":"2023-01-14T06:37:32","slug":"seyyid-nasrullah-abdullehyan-ile-lubnan-filistin-ve-bolgedeki-durumu-ele-aldi","status":"publish","type":"post","link":"https:\/\/archive.sana.sy\/tr\/?p=271074","title":{"rendered":"Seyyid Nasrullah, Abd\u00fcllehyan \u0130le L\u00fcbnan, Filistin Ve B\u00f6lgedeki Durumu Ele Ald\u0131"},"content":{"rendered":"<p>BEYRUT &#8211; Hizbullah Genel Sekreteri Seyyid Hasan Nasrullah, \u0130ran D\u0131\u015fi\u015fleri Bakan\u0131 H\u00fcseyin Emir Abd\u00fcllehyan ve beraberindeki heyet ile L\u00fcbnan, Filistin ve b\u00f6lgedeki durumu g\u00f6r\u00fc\u015ft\u00fc.<\/p>\n<p>Al Manar TV, g\u00f6r\u00fc\u015fmede L\u00fcbnan, Filistin ve b\u00f6lgedeki son geli\u015fmeleri ve siyasi durumu, \u00f6zellikle de yozla\u015fm\u0131\u015f ve a\u015f\u0131r\u0131l\u0131k yanl\u0131lar\u0131n\u0131n d\u00fc\u015fman olu\u015fum i\u00e7inde h\u00fck\u00fcmet kurmas\u0131ndan kaynaklanan olas\u0131l\u0131k ve tehditleri g\u00f6zden ge\u00e7irdiklerini, ayr\u0131ca b\u00f6lgesel ve uluslararas\u0131 geli\u015fmeler ve olaylar kar\u015f\u0131s\u0131nda direni\u015f hareketlerinin ve t\u00fcm direni\u015f ekseninin konumunun ele al\u0131nd\u0131\u011f\u0131n\u0131 bildirdi.<\/p>\n","protected":false},"excerpt":{"rendered":"<p>BEYRUT &#8211; Hizbullah Genel Sekreteri Seyyid Hasan Nasrullah, \u0130ran D\u0131\u015fi\u015fleri Bakan\u0131 H\u00fcseyin Emir Abd\u00fcllehyan ve beraberindeki heyet ile L\u00fcbnan, Filistin ve b\u00f6lgedeki durumu g\u00f6r\u00fc\u015ft\u00fc. Al Manar TV, g\u00f6r\u00fc\u015fmede L\u00fcbnan, Filistin ve b\u00f6lgedeki son geli\u015fmeleri ve siyasi durumu, \u00f6zellikle de yozla\u015fm\u0131\u015f ve a\u015f\u0131r\u0131l\u0131k yanl\u0131lar\u0131n\u0131n d\u00fc\u015fman olu\u015fum i\u00e7inde h\u00fck\u00fcmet kurmas\u0131ndan kaynaklanan olas\u0131l\u0131k ve tehditleri g\u00f6zden ge\u00e7irdiklerini, ayr\u0131ca &hellip;<\/p>\n","protected":false},"author":1,"featured_media":271075,"comment_status":"closed","ping_status":"closed","sticky":false,"template":"","format":"standard","meta":{"footnotes":""},"categories":[458,459,17988],"tags":[],"class_list":["post-271074","post","type-post","status-publish","format-standard","has-post-thumbnail","","category-dunya1","category-haberler-arap-uluslararasi-politika","category-son-haberler"],"_links":{"self":[{"href":"https:\/\/archive.sana.sy\/tr\/index.php?rest_route=\/wp\/v2\/posts\/271074","targetHints":{"allow":["GET"]}}],"collection":[{"href":"https:\/\/archive.sana.sy\/tr\/index.php?rest_route=\/wp\/v2\/posts"}],"about":[{"href":"https:\/\/archive.sana.sy\/tr\/index.php?rest_route=\/wp\/v2\/types\/post"}],"author":[{"embeddable":true,"href":"https:\/\/archive.sana.sy\/tr\/index.php?rest_route=\/wp\/v2\/users\/1"}],"replies":[{"embeddable":true,"href":"https:\/\/archive.sana.sy\/tr\/index.php?rest_route=%2Fwp%2Fv2%2Fcomments&post=271074"}],"version-history":[{"count":0,"href":"https:\/\/archive.sana.sy\/tr\/index.php?rest_route=\/wp\/v2\/posts\/271074\/revisions"}],"wp:featuredmedia":[{"embeddable":true,"href":"https:\/\/archive.sana.sy\/tr\/index.php?rest_route=\/wp\/v2\/media\/271075"}],"wp:attachment":[{"href":"https:\/\/archive.sana.sy\/tr\/index.php?rest_route=%2Fwp%2Fv2%2Fmedia&parent=271074"}],"wp:term":[{"taxonomy":"category","embeddable":true,"href":"https:\/\/archive.sana.sy\/tr\/index.php?rest_route=%2Fwp%2Fv2%2Fcategories&post=271074"},{"taxonomy":"post_tag","embeddable":true,"href":"https:\/\/archive.sana.sy\/tr\/index.php?rest_route=%2Fwp%2Fv2%2Ftags&post=271074"}],"curies":[{"name":"wp","href":"https:\/\/api.w.org\/{rel}","templated":true}]}}