{"id":271077,"date":"2023-01-13T18:30:02","date_gmt":"2023-01-13T16:30:02","guid":{"rendered":"http:\/\/107.6.182.27\/tr\/?p=271077"},"modified":"2023-01-15T07:11:09","modified_gmt":"2023-01-15T05:11:09","slug":"enerji-guvenligi-ve-kalkinma-konulu-forumda-petrol-bakani-suriye-halkinin-cektigi-acilarin-nedeni-amerikan-isgali-ve-yaptirimlaridir","status":"publish","type":"post","link":"https:\/\/archive.sana.sy\/tr\/?p=271077","title":{"rendered":"Enerji G\u00fcvenli\u011fi Ve Kalk\u0131nma Konulu Forumda Petrol Bakan\u0131: Suriye Halk\u0131n\u0131n \u00c7ekti\u011fi Ac\u0131lar\u0131n Nedeni Amerikan \u0130\u015fgali Ve Yapt\u0131r\u0131mlar\u0131d\u0131r"},"content":{"rendered":"<p>\u015eAM &#8211; Petrol ve Maden Kaynaklar\u0131 Bakan\u0131 M\u00fch. Bessam Toma, ABD&#8217;nin petrol kaynaklar\u0131 da dahil olmak \u00fczere Suriye topraklar\u0131n\u0131n baz\u0131 k\u0131s\u0131mlar\u0131n\u0131 i\u015fgal etmesi ve ABD&#8217;nin Suriye halk\u0131na uygulad\u0131\u011f\u0131 yasa d\u0131\u015f\u0131 yapt\u0131r\u0131mlar\u0131n\u0131n, \u0131s\u0131nma, yemek pi\u015firme, tar\u0131m ve di\u011ferleri i\u00e7in gerekli ihtiya\u00e7lar\u0131n kar\u015f\u0131lanmamas\u0131yla temsil edilen b\u00fcy\u00fck \u0131st\u0131raba neden oldu\u011funu belirtti.<\/p>\n<p>Hindistan h\u00fck\u00fcmeti taraf\u0131ndan 12 ve 13 Ocak tarihlerinde d\u00fczenlenen &#8220;G\u00fcneyin Sesi&#8221; zirvesi \u00e7er\u00e7evesinde d\u00fczenlenen &#8220;Enerji G\u00fcvenli\u011fi ve Kalk\u0131nma&#8230; Refah \u0130\u00e7in Bir Yol Haritas\u0131&#8221; ba\u015fl\u0131kl\u0131 sanal oturum \u00e7al\u0131\u015fmas\u0131na video arac\u0131l\u0131\u011f\u0131yla kat\u0131l\u0131m\u0131 s\u0131ras\u0131nda M\u00fch. Toma, bu ay Suriye&#8217;nin enerji alan\u0131nda kar\u015f\u0131 kar\u015f\u0131ya oldu\u011fu zorluklara odaklanarak, Suriye&#8217;ye y\u00f6nelik ter\u00f6r sava\u015f\u0131n\u0131n petrol, gaz ve elektrik \u00fcretiminde \u00f6nemli bir d\u00fc\u015f\u00fc\u015fe neden oldu\u011funu belirtti.<\/p>\n<p>Bakan Toma, b\u00fcy\u00fck deneyime sahip Hintli \u015firketleri, ister karada ve denizde petrol ve gaz arama, ister \u015fist petrol\u00fc, ister jeotermal, r\u00fczgar veya g\u00fcne\u015f enerjisi olsun, yenilenebilir enerjilere yat\u0131r\u0131m olsun, Suriye&#8217;deki projelere kat\u0131lmaya \u00e7a\u011f\u0131rd\u0131.<\/p>\n<p>Bakan Toma, 2022 tarihli 18 say\u0131l\u0131 modern yat\u0131r\u0131m kanunu ve 2022 tarihli 41 say\u0131l\u0131 Elektrik Kanunu ile yat\u0131r\u0131m i\u00e7in yasal ortam\u0131n sa\u011fland\u0131\u011f\u0131n\u0131 belirterek, gelecekte enerjinin sa\u011flanmas\u0131n\u0131n ancak dost \u00fclkeler aras\u0131ndaki yak\u0131n i\u015fbirli\u011finden ge\u00e7ece\u011fine i\u015faret etti.<\/p>\n<p>Petrol ve Maden Kaynaklar\u0131 Bakan\u0131, Hindistan&#8217;\u0131n G20 zirvesine ba\u015fkanl\u0131k etmesi arac\u0131l\u0131\u011f\u0131yla G\u00fcney \u00fclkelerinin sesinin bir sonraki toplant\u0131da karar vericilerin kulaklar\u0131na ula\u015fmas\u0131n\u0131 umdu\u011funu ifade etti.<\/p>\n<p>Hindistan Petrol, Do\u011fal Gaz, Konut ve \u015eehircilik Bakan\u0131&#8217;n\u0131n davetlisi olarak oturuma kat\u0131lan Bakan Toma, Hindistan&#8217;\u0131n \u015fu anda ba\u015fkanl\u0131\u011f\u0131n\u0131 y\u00fcr\u00fctt\u00fc\u011f\u00fc G20 zirvesine ev sahipli\u011fi yapma haz\u0131rl\u0131klar\u0131 \u00e7er\u00e7evesinde geliyor.<\/p>\n<p>Suriye, Hindistan, Azerbaycan, Irak, Cezayir, Venezuela, Libya, Somali, Zambiya, Beyaz Rusya ve Bahreyn&#8217;in petrol ve enerji bakanlar\u0131n\u0131n kat\u0131ld\u0131\u011f\u0131 oturumda k\u00fcresel enerji sekt\u00f6r\u00fcn\u00fcn kar\u015f\u0131 kar\u015f\u0131ya oldu\u011fu g\u00fc\u00e7l\u00fckler masaya yat\u0131r\u0131ld\u0131.<\/p>\n<p>Hindistan, bir sonraki zirvede g\u00fcney \u00fclkelerinin sesinin bulunmas\u0131 i\u00e7in t\u00fcm \u00fclkelerin sesini dinlemeye \u00f6zen g\u00f6sterdi.<\/p>\n","protected":false},"excerpt":{"rendered":"<p>\u015eAM &#8211; Petrol ve Maden Kaynaklar\u0131 Bakan\u0131 M\u00fch. Bessam Toma, ABD&#8217;nin petrol kaynaklar\u0131 da dahil olmak \u00fczere Suriye topraklar\u0131n\u0131n baz\u0131 k\u0131s\u0131mlar\u0131n\u0131 i\u015fgal etmesi ve ABD&#8217;nin Suriye halk\u0131na uygulad\u0131\u011f\u0131 yasa d\u0131\u015f\u0131 yapt\u0131r\u0131mlar\u0131n\u0131n, \u0131s\u0131nma, yemek pi\u015firme, tar\u0131m ve di\u011ferleri i\u00e7in gerekli ihtiya\u00e7lar\u0131n kar\u015f\u0131lanmamas\u0131yla temsil edilen b\u00fcy\u00fck \u0131st\u0131raba neden oldu\u011funu belirtti. Hindistan h\u00fck\u00fcmeti taraf\u0131ndan 12 ve 13 Ocak &hellip;<\/p>\n","protected":false},"author":1,"featured_media":271078,"comment_status":"closed","ping_status":"closed","sticky":false,"template":"","format":"standard","meta":{"footnotes":""},"categories":[479,17988,478],"tags":[],"class_list":["post-271077","post","type-post","status-publish","format-standard","has-post-thumbnail","","category-haberler-yerel","category-son-haberler","category-yerel"],"_links":{"self":[{"href":"https:\/\/archive.sana.sy\/tr\/index.php?rest_route=\/wp\/v2\/posts\/271077","targetHints":{"allow":["GET"]}}],"collection":[{"href":"https:\/\/archive.sana.sy\/tr\/index.php?rest_route=\/wp\/v2\/posts"}],"about":[{"href":"https:\/\/archive.sana.sy\/tr\/index.php?rest_route=\/wp\/v2\/types\/post"}],"author":[{"embeddable":true,"href":"https:\/\/archive.sana.sy\/tr\/index.php?rest_route=\/wp\/v2\/users\/1"}],"replies":[{"embeddable":true,"href":"https:\/\/archive.sana.sy\/tr\/index.php?rest_route=%2Fwp%2Fv2%2Fcomments&post=271077"}],"version-history":[{"count":0,"href":"https:\/\/archive.sana.sy\/tr\/index.php?rest_route=\/wp\/v2\/posts\/271077\/revisions"}],"wp:featuredmedia":[{"embeddable":true,"href":"https:\/\/archive.sana.sy\/tr\/index.php?rest_route=\/wp\/v2\/media\/271078"}],"wp:attachment":[{"href":"https:\/\/archive.sana.sy\/tr\/index.php?rest_route=%2Fwp%2Fv2%2Fmedia&parent=271077"}],"wp:term":[{"taxonomy":"category","embeddable":true,"href":"https:\/\/archive.sana.sy\/tr\/index.php?rest_route=%2Fwp%2Fv2%2Fcategories&post=271077"},{"taxonomy":"post_tag","embeddable":true,"href":"https:\/\/archive.sana.sy\/tr\/index.php?rest_route=%2Fwp%2Fv2%2Ftags&post=271077"}],"curies":[{"name":"wp","href":"https:\/\/api.w.org\/{rel}","templated":true}]}}