{"id":271088,"date":"2023-01-13T08:39:49","date_gmt":"2023-01-13T06:39:49","guid":{"rendered":"http:\/\/107.6.182.27\/tr\/?p=271088"},"modified":"2023-01-14T10:14:55","modified_gmt":"2023-01-14T08:14:55","slug":"donbassi-korumak-icin-rus-ozel-askeri-operasyonundaki-gelismeler-37","status":"publish","type":"post","link":"https:\/\/archive.sana.sy\/tr\/?p=271088","title":{"rendered":"Donbass\u2019\u0131 Korumak \u0130\u00e7in Rus \u00d6zel Askeri Operasyonundaki Geli\u015fmeler"},"content":{"rendered":"<ul>\n<li>Rus kurumu: Kiev, kirli bomba haz\u0131rl\u0131\u011f\u0131na dair kan\u0131tlar\u0131 gizledi<\/li>\n<li>Moskova: Ukrayna&#8217;daki \u00f6zel askeri operasyonun amac\u0131 insan haklar\u0131n\u0131 korumak<\/li>\n<li>Rusya Dumas\u0131: ABD&#8217;nin Ukrayna&#8217;ya yapt\u0131\u011f\u0131 silah sevkiyat\u0131 ter\u00f6ristlerin eline ge\u00e7ti<\/li>\n<li>Donetsk Rusya Cumhuriyeti&#8217;nde Solidar&#8217;\u0131 kurtarmak i\u00e7in yap\u0131lan sava\u015f s\u0131ras\u0131nda \u00f6ld\u00fcr\u00fclen \u0130ngiliz paral\u0131 askerleri<\/li>\n<\/ul>\n<p><a href=\"https:\/\/t.me\/SuriyeArapHaberAjansI\">Telegram Kanal\u0131m\u0131z\u00a0<\/a><\/p>\n<p><span style=\"color: #0000ff;\"><a style=\"color: #0000ff;\" href=\"https:\/\/www.facebook.com\/SANAHaberAjansi\/\">Facebook Sayfam\u0131z<\/a><\/span><\/p>\n","protected":false},"excerpt":{"rendered":"<p>Rus kurumu: Kiev, kirli bomba haz\u0131rl\u0131\u011f\u0131na dair kan\u0131tlar\u0131 gizledi Moskova: Ukrayna&#8217;daki \u00f6zel askeri operasyonun amac\u0131 insan haklar\u0131n\u0131 korumak Rusya Dumas\u0131: ABD&#8217;nin Ukrayna&#8217;ya yapt\u0131\u011f\u0131 silah sevkiyat\u0131 ter\u00f6ristlerin eline ge\u00e7ti Donetsk Rusya Cumhuriyeti&#8217;nde Solidar&#8217;\u0131 kurtarmak i\u00e7in yap\u0131lan sava\u015f s\u0131ras\u0131nda \u00f6ld\u00fcr\u00fclen \u0130ngiliz paral\u0131 askerleri Telegram Kanal\u0131m\u0131z\u00a0 Facebook Sayfam\u0131z<\/p>\n","protected":false},"author":36,"featured_media":271089,"comment_status":"closed","ping_status":"closed","sticky":false,"template":"","format":"standard","meta":{"footnotes":""},"categories":[458,459,17988],"tags":[],"class_list":["post-271088","post","type-post","status-publish","format-standard","has-post-thumbnail","","category-dunya1","category-haberler-arap-uluslararasi-politika","category-son-haberler"],"_links":{"self":[{"href":"https:\/\/archive.sana.sy\/tr\/index.php?rest_route=\/wp\/v2\/posts\/271088","targetHints":{"allow":["GET"]}}],"collection":[{"href":"https:\/\/archive.sana.sy\/tr\/index.php?rest_route=\/wp\/v2\/posts"}],"about":[{"href":"https:\/\/archive.sana.sy\/tr\/index.php?rest_route=\/wp\/v2\/types\/post"}],"author":[{"embeddable":true,"href":"https:\/\/archive.sana.sy\/tr\/index.php?rest_route=\/wp\/v2\/users\/36"}],"replies":[{"embeddable":true,"href":"https:\/\/archive.sana.sy\/tr\/index.php?rest_route=%2Fwp%2Fv2%2Fcomments&post=271088"}],"version-history":[{"count":0,"href":"https:\/\/archive.sana.sy\/tr\/index.php?rest_route=\/wp\/v2\/posts\/271088\/revisions"}],"wp:featuredmedia":[{"embeddable":true,"href":"https:\/\/archive.sana.sy\/tr\/index.php?rest_route=\/wp\/v2\/media\/271089"}],"wp:attachment":[{"href":"https:\/\/archive.sana.sy\/tr\/index.php?rest_route=%2Fwp%2Fv2%2Fmedia&parent=271088"}],"wp:term":[{"taxonomy":"category","embeddable":true,"href":"https:\/\/archive.sana.sy\/tr\/index.php?rest_route=%2Fwp%2Fv2%2Fcategories&post=271088"},{"taxonomy":"post_tag","embeddable":true,"href":"https:\/\/archive.sana.sy\/tr\/index.php?rest_route=%2Fwp%2Fv2%2Ftags&post=271088"}],"curies":[{"name":"wp","href":"https:\/\/api.w.org\/{rel}","templated":true}]}}