{"id":271105,"date":"2023-01-14T14:30:23","date_gmt":"2023-01-14T12:30:23","guid":{"rendered":"http:\/\/107.6.182.27\/tr\/?p=271105"},"modified":"2023-01-15T07:12:45","modified_gmt":"2023-01-15T05:12:45","slug":"iran-disisleri-bakani-sama-vardi-2","status":"publish","type":"post","link":"https:\/\/archive.sana.sy\/tr\/?p=271105","title":{"rendered":"\u0130ran D\u0131\u015fi\u015fleri Bakan\u0131 \u015eam\u2019a Vard\u0131"},"content":{"rendered":"<p><strong>\u015eAM \u2013<\/strong> \u0130ran D\u0131\u015fi\u015fleri Bakan\u0131 H\u00fcseyin Emir Abd\u00fcllehyan, \u0130ran D\u0131\u015fi\u015fleri Bakan\u0131 Hossein Amir Abdollahian, \u00fcst d\u00fczey bir heyetin ba\u015f\u0131nda, bir dizi Suriyeli yetkiliyle ikili ili\u015fkiler, ortak \u00e7\u0131kar meseleleri ve son b\u00f6lgesel ve uluslararas\u0131 geli\u015fmeler hakk\u0131nda g\u00f6r\u00fc\u015fmek \u00fczere bug\u00fcn \u015eam&#8217;a geldi.<\/p>\n<p>\u0130ran D\u0131\u015fi\u015fleri Bakan\u0131&#8217;n\u0131n \u015eam Uluslararas\u0131 Havaliman\u0131&#8217;na geli\u015finde D\u0131\u015fi\u015fleri ve Gurbet\u00e7iler Bakan\u0131 Faysal\u00a0 Mikdad taraf\u0131ndan kabul edildi.<\/p>\n<p>Abdullahyan yapt\u0131\u011f\u0131 bas\u0131n a\u00e7\u0131klamas\u0131nda, &#8221;Ziyaretim, ikili ili\u015fkileri g\u00fc\u00e7lendirmek ve b\u00f6lgesel ve uluslararas\u0131 geli\u015fmeleri g\u00f6r\u00fc\u015fmek \u00fczere Cumhurba\u015fkan\u0131 Be\u015f\u015far Esad ve Bakan Mikdad ile daha fazla isti\u015fare etmek i\u00e7in geldi&#8221; de\u011ferlendirmesinde bulundu.<\/p>\n<div id='gallery-1' class='gallery galleryid-271105 gallery-columns-2 gallery-size-full'><figure class='gallery-item'>\n\t\t\t<div class='gallery-icon landscape'>\n\t\t\t\t<a href='https:\/\/archive.sana.sy\/tr\/wp-content\/uploads\/2023\/01\/WAS6354.jpg'><img loading=\"lazy\" decoding=\"async\" width=\"660\" height=\"428\" src=\"https:\/\/archive.sana.sy\/tr\/wp-content\/uploads\/2023\/01\/WAS6354.jpg\" class=\"attachment-full size-full\" alt=\"\" srcset=\"https:\/\/archive.sana.sy\/tr\/wp-content\/uploads\/2023\/01\/WAS6354.jpg 660w, https:\/\/archive.sana.sy\/tr\/wp-content\/uploads\/2023\/01\/WAS6354-300x195.jpg 300w, https:\/\/archive.sana.sy\/tr\/wp-content\/uploads\/2023\/01\/WAS6354-150x97.jpg 150w\" sizes=\"auto, (max-width: 660px) 100vw, 660px\" \/><\/a>\n\t\t\t<\/div><\/figure><figure class='gallery-item'>\n\t\t\t<div class='gallery-icon landscape'>\n\t\t\t\t<a href='https:\/\/archive.sana.sy\/tr\/wp-content\/uploads\/2023\/01\/WAS6329.jpg'><img loading=\"lazy\" decoding=\"async\" width=\"660\" height=\"430\" src=\"https:\/\/archive.sana.sy\/tr\/wp-content\/uploads\/2023\/01\/WAS6329.jpg\" class=\"attachment-full size-full\" alt=\"\" srcset=\"https:\/\/archive.sana.sy\/tr\/wp-content\/uploads\/2023\/01\/WAS6329.jpg 660w, https:\/\/archive.sana.sy\/tr\/wp-content\/uploads\/2023\/01\/WAS6329-300x195.jpg 300w, https:\/\/archive.sana.sy\/tr\/wp-content\/uploads\/2023\/01\/WAS6329-150x98.jpg 150w\" sizes=\"auto, (max-width: 660px) 100vw, 660px\" \/><\/a>\n\t\t\t<\/div><\/figure><figure class='gallery-item'>\n\t\t\t<div class='gallery-icon landscape'>\n\t\t\t\t<a href='https:\/\/archive.sana.sy\/tr\/wp-content\/uploads\/2023\/01\/WAS6301.jpg'><img loading=\"lazy\" decoding=\"async\" width=\"660\" height=\"428\" src=\"https:\/\/archive.sana.sy\/tr\/wp-content\/uploads\/2023\/01\/WAS6301.jpg\" class=\"attachment-full size-full\" alt=\"\" srcset=\"https:\/\/archive.sana.sy\/tr\/wp-content\/uploads\/2023\/01\/WAS6301.jpg 660w, https:\/\/archive.sana.sy\/tr\/wp-content\/uploads\/2023\/01\/WAS6301-300x195.jpg 300w, https:\/\/archive.sana.sy\/tr\/wp-content\/uploads\/2023\/01\/WAS6301-150x97.jpg 150w\" sizes=\"auto, (max-width: 660px) 100vw, 660px\" \/><\/a>\n\t\t\t<\/div><\/figure><figure class='gallery-item'>\n\t\t\t<div class='gallery-icon landscape'>\n\t\t\t\t<a href='https:\/\/archive.sana.sy\/tr\/wp-content\/uploads\/2023\/01\/WAS6207.jpg'><img loading=\"lazy\" decoding=\"async\" width=\"660\" height=\"416\" src=\"https:\/\/archive.sana.sy\/tr\/wp-content\/uploads\/2023\/01\/WAS6207.jpg\" class=\"attachment-full size-full\" alt=\"\" srcset=\"https:\/\/archive.sana.sy\/tr\/wp-content\/uploads\/2023\/01\/WAS6207.jpg 660w, https:\/\/archive.sana.sy\/tr\/wp-content\/uploads\/2023\/01\/WAS6207-300x189.jpg 300w, https:\/\/archive.sana.sy\/tr\/wp-content\/uploads\/2023\/01\/WAS6207-150x95.jpg 150w\" sizes=\"auto, (max-width: 660px) 100vw, 660px\" \/><\/a>\n\t\t\t<\/div><\/figure>\n\t\t<\/div>\n\n<p>&nbsp;<\/p>\n<p><span style=\"color: #0000ff;\"><a style=\"color: #0000ff;\" href=\"https:\/\/t.me\/SuriyeArapHaberAjansI\">Telegram Kanal\u0131m\u0131z\u00a0<\/a><\/span><\/p>\n<p><span style=\"color: #0000ff;\"><a style=\"color: #0000ff;\" href=\"https:\/\/www.facebook.com\/SANAHaberAjansi\/\">Facebook Sayfam\u0131z<\/a><\/span><\/p>\n<p>&nbsp;<\/p>\n","protected":false},"excerpt":{"rendered":"<p>\u015eAM \u2013 \u0130ran D\u0131\u015fi\u015fleri Bakan\u0131 H\u00fcseyin Emir Abd\u00fcllehyan, \u0130ran D\u0131\u015fi\u015fleri Bakan\u0131 Hossein Amir Abdollahian, \u00fcst d\u00fczey bir heyetin ba\u015f\u0131nda, bir dizi Suriyeli yetkiliyle ikili ili\u015fkiler, ortak \u00e7\u0131kar meseleleri ve son b\u00f6lgesel ve uluslararas\u0131 geli\u015fmeler hakk\u0131nda g\u00f6r\u00fc\u015fmek \u00fczere bug\u00fcn \u015eam&#8217;a geldi. \u0130ran D\u0131\u015fi\u015fleri Bakan\u0131&#8217;n\u0131n \u015eam Uluslararas\u0131 Havaliman\u0131&#8217;na geli\u015finde D\u0131\u015fi\u015fleri ve Gurbet\u00e7iler Bakan\u0131 Faysal\u00a0 Mikdad taraf\u0131ndan kabul &hellip;<\/p>\n","protected":false},"author":36,"featured_media":271106,"comment_status":"closed","ping_status":"closed","sticky":false,"template":"","format":"standard","meta":{"footnotes":""},"categories":[479,17988,478],"tags":[],"class_list":["post-271105","post","type-post","status-publish","format-standard","has-post-thumbnail","","category-haberler-yerel","category-son-haberler","category-yerel"],"_links":{"self":[{"href":"https:\/\/archive.sana.sy\/tr\/index.php?rest_route=\/wp\/v2\/posts\/271105","targetHints":{"allow":["GET"]}}],"collection":[{"href":"https:\/\/archive.sana.sy\/tr\/index.php?rest_route=\/wp\/v2\/posts"}],"about":[{"href":"https:\/\/archive.sana.sy\/tr\/index.php?rest_route=\/wp\/v2\/types\/post"}],"author":[{"embeddable":true,"href":"https:\/\/archive.sana.sy\/tr\/index.php?rest_route=\/wp\/v2\/users\/36"}],"replies":[{"embeddable":true,"href":"https:\/\/archive.sana.sy\/tr\/index.php?rest_route=%2Fwp%2Fv2%2Fcomments&post=271105"}],"version-history":[{"count":0,"href":"https:\/\/archive.sana.sy\/tr\/index.php?rest_route=\/wp\/v2\/posts\/271105\/revisions"}],"wp:featuredmedia":[{"embeddable":true,"href":"https:\/\/archive.sana.sy\/tr\/index.php?rest_route=\/wp\/v2\/media\/271106"}],"wp:attachment":[{"href":"https:\/\/archive.sana.sy\/tr\/index.php?rest_route=%2Fwp%2Fv2%2Fmedia&parent=271105"}],"wp:term":[{"taxonomy":"category","embeddable":true,"href":"https:\/\/archive.sana.sy\/tr\/index.php?rest_route=%2Fwp%2Fv2%2Fcategories&post=271105"},{"taxonomy":"post_tag","embeddable":true,"href":"https:\/\/archive.sana.sy\/tr\/index.php?rest_route=%2Fwp%2Fv2%2Ftags&post=271105"}],"curies":[{"name":"wp","href":"https:\/\/api.w.org\/{rel}","templated":true}]}}