{"id":271120,"date":"2023-01-14T18:12:39","date_gmt":"2023-01-14T16:12:39","guid":{"rendered":"http:\/\/107.6.182.27\/tr\/?p=271120"},"modified":"2023-01-16T14:37:00","modified_gmt":"2023-01-16T12:37:00","slug":"sayin-cumhurbaskani-bessar-esad-iran-disisleri-bakani-huseyin-amir-abdullahyan-ve-beraberindeki-heyeti-kabul-etti-2","status":"publish","type":"post","link":"https:\/\/archive.sana.sy\/tr\/?p=271120","title":{"rendered":"Cumhurba\u015fkan\u0131 Esad&#8217;den  Abdullahyan&#8217;e: \u015eam, \u0130ki \u00dclkenin Ortak \u00c7\u0131karlar\u0131na Ula\u015fmak \u0130\u00e7in \u0130ran \u0130le \u0130leti\u015fim Kurmaya Ve Tutumlar\u0131 Koordine Etmeye \u0130steklidir"},"content":{"rendered":"<p><strong>\u015eAM<\/strong> \u2013 Say\u0131n Cumhurba\u015fkan\u0131 Be\u015f\u015far Esad, bug\u00fcn \u00f6\u011fleden sonra \u0130ran D\u0131\u015fi\u015fleri Bakan\u0131 H\u00fcseyin Amir Abdullahyan ve beraberindeki heyeti kabul etti. Ger\u00e7ekle\u015fen g\u00f6r\u00fc\u015fmede iki taraf, iki \u00fclke aras\u0131ndaki yak\u0131n ve tarihi ili\u015fkilere ve \u00e7e\u015fitli alanlarda mevcut ikili i\u015fbirli\u011fine vurgu yapt\u0131.<\/p>\n<p>Cumhurba\u015fkan\u0131 Esad, g\u00f6r\u00fc\u015fmede, \u00f6zellikle \u0130ran \u0130slam Cumhuriyeti&#8217;nin ter\u00f6re kar\u015f\u0131 sava\u015fta Suriye halk\u0131n\u0131n yan\u0131nda yer alan ilk \u00fclkelerden biri olmas\u0131 nedeniyle, \u015eam&#8217;\u0131n \u0130ran&#8217;la s\u00fcrekli ileti\u015fim ve konum koordinasyonuna istekli oldu\u011funu ve bu koordinasyonun, iki \u00fclkenin ortak \u00e7\u0131karlar\u0131n\u0131 ger\u00e7ekle\u015ftirmek i\u00e7in h\u0131zl\u0131 b\u00f6lgesel ve uluslararas\u0131 geli\u015fmelere sahne olan bu d\u00f6nemde b\u00fcy\u00fck \u00f6nem ta\u015f\u0131d\u0131\u011f\u0131n\u0131 vurgulad\u0131.<\/p>\n<p><img loading=\"lazy\" decoding=\"async\" class=\"size-medium wp-image-271178 alignright\" src=\"http:\/\/107.6.182.27\/tr\/wp-content\/uploads\/2023\/01\/photo_2023-01-14_18-50-25-2-300x173.jpg\" alt=\"\" width=\"300\" height=\"173\" srcset=\"https:\/\/archive.sana.sy\/tr\/wp-content\/uploads\/2023\/01\/photo_2023-01-14_18-50-25-2-300x173.jpg 300w, https:\/\/archive.sana.sy\/tr\/wp-content\/uploads\/2023\/01\/photo_2023-01-14_18-50-25-2-1024x589.jpg 1024w, https:\/\/archive.sana.sy\/tr\/wp-content\/uploads\/2023\/01\/photo_2023-01-14_18-50-25-2-150x86.jpg 150w, https:\/\/archive.sana.sy\/tr\/wp-content\/uploads\/2023\/01\/photo_2023-01-14_18-50-25-2-768x442.jpg 768w, https:\/\/archive.sana.sy\/tr\/wp-content\/uploads\/2023\/01\/photo_2023-01-14_18-50-25-2.jpg 1280w\" sizes=\"auto, (max-width: 300px) 100vw, 300px\" \/>Bakan Abdullahyan ise, Suriye&#8217;nin \u00f6nemli ve etkili bir \u00fclke oldu\u011funu ve bu nedenle Suriye&#8217;nin g\u00fcc\u00fcn\u00fcn ve geli\u015fiminin genel olarak b\u00f6lgenin ve \u00f6zel olarak \u0130ran&#8217;\u0131n g\u00fcc\u00fc ve geli\u015fimi oldu\u011funu kaydederek, \u0130ki \u00fclkenin ayn\u0131 siperde durdu\u011funu ve birbirlerine g\u00fc\u00e7l\u00fc destek verdiklerini vurgulad\u0131 ve \u00fclkesinin Suriye&#8217;nin tutum ve kararlar\u0131na g\u00fcveninin tam oldu\u011funu ve Suriye ile T\u00fcrkiye aras\u0131ndaki herhangi bir diyalo\u011fun, ciddi olmas\u0131 halinde, iki \u00fclke ve b\u00f6lgenin yarar\u0131na olumlu bir ad\u0131m oldu\u011funa inand\u0131\u011f\u0131n\u0131 ifade etti.<\/p>\n<p>Cumhurba\u015fkan\u0131 Esad ayr\u0131ca, Suriye devletinin t\u00fcm pozisyonlar\u0131n\u0131 her zaman Suriye halk\u0131n\u0131n \u00e7\u0131karlar\u0131n\u0131 g\u00f6zetme ilkesine dayand\u0131rd\u0131\u011f\u0131n\u0131, i\u015fgali sona erdirmek ve ter\u00f6r \u00f6rg\u00fctlerine verdi\u011fi deste\u011fi sona erdirmedik\u00e7e bu diyaloglarda ilerlemeyece\u011fini kaydetti.<\/p>\n<p>G\u00f6r\u00fc\u015fme s\u0131ras\u0131nda, \u0130ran&#8217;\u0131n n\u00fckleer dosyas\u0131yla ilgili m\u00fczakerelerin yeniden ba\u015flamas\u0131 i\u00e7in devam eden g\u00f6r\u00fc\u015fmelerin yan\u0131 s\u0131ra.ge\u00e7en ay Amman&#8217;da d\u00fczenlenen &#8220;Ba\u011fdat 2&#8221; konferans\u0131nda \u0130ran D\u0131\u015fi\u015fleri Bakan\u0131&#8217;n\u0131n \u00e7e\u015fitli taraflarla yapt\u0131\u011f\u0131 g\u00f6r\u00fc\u015fmelere de de\u011finildi.<\/p>\n<p>Konuk bakan, \u0130ran \u0130slam Devrim Lideri \u0130mam Seyyid Ali Hamenai\u00a0 ve \u0130ran Cumhurba\u015fkan\u0131 \u0130brahim Reisi&#8217;nin selamlar\u0131n\u0131 Cumhurba\u015fkan\u0131 Esad&#8217;a iletti.<\/p>\n<div id='gallery-1' class='gallery galleryid-271120 gallery-columns-1 gallery-size-full'><figure class='gallery-item'>\n\t\t\t<div class='gallery-icon landscape'>\n\t\t\t\t<a href='https:\/\/archive.sana.sy\/tr\/?attachment_id=271161'><img loading=\"lazy\" decoding=\"async\" width=\"660\" height=\"299\" src=\"https:\/\/archive.sana.sy\/tr\/wp-content\/uploads\/2023\/01\/3-31.jpg\" class=\"attachment-full size-full\" alt=\"\" srcset=\"https:\/\/archive.sana.sy\/tr\/wp-content\/uploads\/2023\/01\/3-31.jpg 660w, https:\/\/archive.sana.sy\/tr\/wp-content\/uploads\/2023\/01\/3-31-300x136.jpg 300w, https:\/\/archive.sana.sy\/tr\/wp-content\/uploads\/2023\/01\/3-31-150x68.jpg 150w\" sizes=\"auto, (max-width: 660px) 100vw, 660px\" \/><\/a>\n\t\t\t<\/div><\/figure><figure class='gallery-item'>\n\t\t\t<div class='gallery-icon landscape'>\n\t\t\t\t<a href='https:\/\/archive.sana.sy\/tr\/?attachment_id=271162'><img loading=\"lazy\" decoding=\"async\" width=\"660\" height=\"455\" src=\"https:\/\/archive.sana.sy\/tr\/wp-content\/uploads\/2023\/01\/4-32.jpg\" class=\"attachment-full size-full\" alt=\"\" srcset=\"https:\/\/archive.sana.sy\/tr\/wp-content\/uploads\/2023\/01\/4-32.jpg 660w, https:\/\/archive.sana.sy\/tr\/wp-content\/uploads\/2023\/01\/4-32-300x207.jpg 300w, https:\/\/archive.sana.sy\/tr\/wp-content\/uploads\/2023\/01\/4-32-150x103.jpg 150w, https:\/\/archive.sana.sy\/tr\/wp-content\/uploads\/2023\/01\/4-32-110x75.jpg 110w\" sizes=\"auto, (max-width: 660px) 100vw, 660px\" \/><\/a>\n\t\t\t<\/div><\/figure>\n\t\t<\/div>\n\n<p>&nbsp;<\/p>\n<p>&nbsp;<\/p>\n<p>R.M.<\/p>\n<p><a href=\"https:\/\/t.me\/SuriyeArapHaberAjansI\">Telegram Kanal\u0131m\u0131z\u00a0<\/a><\/p>\n<p><a href=\"https:\/\/www.facebook.com\/SANAHaberAjansi\/\">Facebook Sayfam\u0131z<\/a><\/p>\n","protected":false},"excerpt":{"rendered":"<p>\u015eAM \u2013 Say\u0131n Cumhurba\u015fkan\u0131 Be\u015f\u015far Esad, bug\u00fcn \u00f6\u011fleden sonra \u0130ran D\u0131\u015fi\u015fleri Bakan\u0131 H\u00fcseyin Amir Abdullahyan ve beraberindeki heyeti kabul etti. Ger\u00e7ekle\u015fen g\u00f6r\u00fc\u015fmede iki taraf, iki \u00fclke aras\u0131ndaki yak\u0131n ve tarihi ili\u015fkilere ve \u00e7e\u015fitli alanlarda mevcut ikili i\u015fbirli\u011fine vurgu yapt\u0131. Cumhurba\u015fkan\u0131 Esad, g\u00f6r\u00fc\u015fmede, \u00f6zellikle \u0130ran \u0130slam Cumhuriyeti&#8217;nin ter\u00f6re kar\u015f\u0131 sava\u015fta Suriye halk\u0131n\u0131n yan\u0131nda yer alan ilk &hellip;<\/p>\n","protected":false},"author":41,"featured_media":271121,"comment_status":"closed","ping_status":"closed","sticky":false,"template":"","format":"standard","meta":{"footnotes":""},"categories":[479,605,478],"tags":[],"class_list":["post-271120","post","type-post","status-publish","format-standard","has-post-thumbnail","","category-haberler-yerel","category-sayin-cumhurbaskani","category-yerel"],"_links":{"self":[{"href":"https:\/\/archive.sana.sy\/tr\/index.php?rest_route=\/wp\/v2\/posts\/271120","targetHints":{"allow":["GET"]}}],"collection":[{"href":"https:\/\/archive.sana.sy\/tr\/index.php?rest_route=\/wp\/v2\/posts"}],"about":[{"href":"https:\/\/archive.sana.sy\/tr\/index.php?rest_route=\/wp\/v2\/types\/post"}],"author":[{"embeddable":true,"href":"https:\/\/archive.sana.sy\/tr\/index.php?rest_route=\/wp\/v2\/users\/41"}],"replies":[{"embeddable":true,"href":"https:\/\/archive.sana.sy\/tr\/index.php?rest_route=%2Fwp%2Fv2%2Fcomments&post=271120"}],"version-history":[{"count":0,"href":"https:\/\/archive.sana.sy\/tr\/index.php?rest_route=\/wp\/v2\/posts\/271120\/revisions"}],"wp:featuredmedia":[{"embeddable":true,"href":"https:\/\/archive.sana.sy\/tr\/index.php?rest_route=\/wp\/v2\/media\/271121"}],"wp:attachment":[{"href":"https:\/\/archive.sana.sy\/tr\/index.php?rest_route=%2Fwp%2Fv2%2Fmedia&parent=271120"}],"wp:term":[{"taxonomy":"category","embeddable":true,"href":"https:\/\/archive.sana.sy\/tr\/index.php?rest_route=%2Fwp%2Fv2%2Fcategories&post=271120"},{"taxonomy":"post_tag","embeddable":true,"href":"https:\/\/archive.sana.sy\/tr\/index.php?rest_route=%2Fwp%2Fv2%2Ftags&post=271120"}],"curies":[{"name":"wp","href":"https:\/\/api.w.org\/{rel}","templated":true}]}}