{"id":271129,"date":"2023-01-14T12:30:48","date_gmt":"2023-01-14T10:30:48","guid":{"rendered":"http:\/\/107.6.182.27\/tr\/?p=271129"},"modified":"2023-01-15T07:12:07","modified_gmt":"2023-01-15T05:12:07","slug":"misirli-siyasetci-suriye-halkina-yonelik-haksiz-kusatmanin-surdurulmesine-sessiz-kalanlar-suca-ortaktir","status":"publish","type":"post","link":"https:\/\/archive.sana.sy\/tr\/?p=271129","title":{"rendered":"M\u0131s\u0131rl\u0131 Siyaset\u00e7i: Suriye Halk\u0131na Y\u00f6nelik Haks\u0131z Ku\u015fatman\u0131n S\u00fcrd\u00fcr\u00fclmesine Sessiz Kalanlar Su\u00e7a Ortakt\u0131r"},"content":{"rendered":"<p><strong>BEYRUT<\/strong> \u2013 El isbu\u00a0 Gazetesinin Y\u00f6netim Kurulu Ba\u015fkan\u0131 ve M\u0131s\u0131rl\u0131 Senat\u00f6r Mahmud Bekri, haks\u0131z ku\u015fatma ve dayat\u0131lan zorlay\u0131c\u0131 ekonomik tedbirler kar\u015f\u0131s\u0131nda Suriye halk\u0131n\u0131n yan\u0131nda duru\u015funu yeniledi.<\/p>\n<p>Bekri, Suriye&#8217;deki ku\u015fatmay\u0131 kald\u0131rmaya y\u00f6nelik Arap ve uluslararas\u0131 halk kampanyas\u0131 ba\u011flam\u0131nda yapt\u0131\u011f\u0131 konu\u015fmada, \u2018\u201912 y\u0131l\u0131 a\u015fk\u0131n bir s\u00fcredir karde\u015f Suriye halk\u0131, petrol zenginliklerini ya\u011fmalamak, altyap\u0131s\u0131n\u0131 yok etmek, okullar\u0131n\u0131 ve \u00fcniversitelerini sabote etmek amac\u0131yla anavatanlar\u0131n\u0131 askeri, ekonomik ve siyasi olarak hedef alan k\u00fcresel bir sava\u015fa ve uluslararas\u0131 komplolara direniyor\u2019\u2019 dedi.<\/p>\n<p>Bekri ayr\u0131ca, Suriye&#8217;ye y\u00f6nelik bu ablukan\u0131n s\u00fcrd\u00fcr\u00fclmesine y\u00f6nelik t\u00fcm gerek\u00e7elerin tamamen reddedildi\u011fini vurgulayarak, bu tehlikeli oyunlar\u0131n yans\u0131malar\u0131n\u0131n Suriye s\u0131n\u0131rlar\u0131nda kalmay\u0131p t\u00fcm Arap ulusunu etkileyece\u011fi uyar\u0131s\u0131nda bulundu.<\/p>\n<p>Bekri, Suriye halk\u0131n\u0131n maruz kald\u0131klar\u0131na sessiz kalanlar\u0131n, Suriye&#8217;yi ve Arap ulusunu hedef alan su\u00e7a ortak olduklar\u0131n\u0131 vurgularken, ABD i\u015fgali ve b\u00f6lgedeki ajanlar\u0131 taraf\u0131ndan ya\u011fmalanan Suriye&#8217;nin kaynaklar\u0131n\u0131 ve zenginli\u011fini kurtarmak i\u00e7in birle\u015fik bir Arap pozisyonunun form\u00fcle edilmesi de \u00e7a\u011fr\u0131s\u0131nda bulundu.<\/p>\n<p>R.M.<\/p>\n<p><a href=\"https:\/\/t.me\/SuriyeArapHaberAjansI\">Telegram Kanal\u0131m\u0131z\u00a0<\/a><\/p>\n<p><a href=\"https:\/\/www.facebook.com\/SANAHaberAjansi\/\">Facebook Sayfam\u0131z<\/a><\/p>\n","protected":false},"excerpt":{"rendered":"<p>BEYRUT \u2013 El isbu\u00a0 Gazetesinin Y\u00f6netim Kurulu Ba\u015fkan\u0131 ve M\u0131s\u0131rl\u0131 Senat\u00f6r Mahmud Bekri, haks\u0131z ku\u015fatma ve dayat\u0131lan zorlay\u0131c\u0131 ekonomik tedbirler kar\u015f\u0131s\u0131nda Suriye halk\u0131n\u0131n yan\u0131nda duru\u015funu yeniledi. Bekri, Suriye&#8217;deki ku\u015fatmay\u0131 kald\u0131rmaya y\u00f6nelik Arap ve uluslararas\u0131 halk kampanyas\u0131 ba\u011flam\u0131nda yapt\u0131\u011f\u0131 konu\u015fmada, \u2018\u201912 y\u0131l\u0131 a\u015fk\u0131n bir s\u00fcredir karde\u015f Suriye halk\u0131, petrol zenginliklerini ya\u011fmalamak, altyap\u0131s\u0131n\u0131 yok etmek, okullar\u0131n\u0131 ve &hellip;<\/p>\n","protected":false},"author":41,"featured_media":271130,"comment_status":"closed","ping_status":"closed","sticky":false,"template":"","format":"standard","meta":{"footnotes":""},"categories":[458,459,17988],"tags":[],"class_list":["post-271129","post","type-post","status-publish","format-standard","has-post-thumbnail","","category-dunya1","category-haberler-arap-uluslararasi-politika","category-son-haberler"],"_links":{"self":[{"href":"https:\/\/archive.sana.sy\/tr\/index.php?rest_route=\/wp\/v2\/posts\/271129","targetHints":{"allow":["GET"]}}],"collection":[{"href":"https:\/\/archive.sana.sy\/tr\/index.php?rest_route=\/wp\/v2\/posts"}],"about":[{"href":"https:\/\/archive.sana.sy\/tr\/index.php?rest_route=\/wp\/v2\/types\/post"}],"author":[{"embeddable":true,"href":"https:\/\/archive.sana.sy\/tr\/index.php?rest_route=\/wp\/v2\/users\/41"}],"replies":[{"embeddable":true,"href":"https:\/\/archive.sana.sy\/tr\/index.php?rest_route=%2Fwp%2Fv2%2Fcomments&post=271129"}],"version-history":[{"count":0,"href":"https:\/\/archive.sana.sy\/tr\/index.php?rest_route=\/wp\/v2\/posts\/271129\/revisions"}],"wp:featuredmedia":[{"embeddable":true,"href":"https:\/\/archive.sana.sy\/tr\/index.php?rest_route=\/wp\/v2\/media\/271130"}],"wp:attachment":[{"href":"https:\/\/archive.sana.sy\/tr\/index.php?rest_route=%2Fwp%2Fv2%2Fmedia&parent=271129"}],"wp:term":[{"taxonomy":"category","embeddable":true,"href":"https:\/\/archive.sana.sy\/tr\/index.php?rest_route=%2Fwp%2Fv2%2Fcategories&post=271129"},{"taxonomy":"post_tag","embeddable":true,"href":"https:\/\/archive.sana.sy\/tr\/index.php?rest_route=%2Fwp%2Fv2%2Ftags&post=271129"}],"curies":[{"name":"wp","href":"https:\/\/api.w.org\/{rel}","templated":true}]}}