{"id":271132,"date":"2023-01-14T13:35:26","date_gmt":"2023-01-14T11:35:26","guid":{"rendered":"http:\/\/107.6.182.27\/tr\/?p=271132"},"modified":"2023-01-15T07:13:55","modified_gmt":"2023-01-15T05:13:55","slug":"sdg-milisleri-deyrezzor-kirsalindan-genc-erkekleri-kendi-saflarina-almak-icin-kacirdi","status":"publish","type":"post","link":"https:\/\/archive.sana.sy\/tr\/?p=271132","title":{"rendered":"(DSG) Milisleri, Deyrezzor K\u0131rsal\u0131ndan Gen\u00e7 Erkekleri Kendi Saflar\u0131na Almak \u0130\u00e7in Ka\u00e7\u0131rd\u0131"},"content":{"rendered":"<p><strong>DEYREZZOR<\/strong> &#8211; Amerikan i\u015fgal g\u00fc\u00e7lerine ba\u011fl\u0131 (DSG) milislerinin militanlar\u0131 bug\u00fcn Deyrezor&#8217;un do\u011fu k\u0131rsal\u0131ndan birka\u00e7 genci ka\u00e7\u0131rarak kendi saflar\u0131nda sava\u015fmalar\u0131 i\u00e7in zorla askere ald\u0131.<\/p>\n<p>Yerel kaynaklar SANA muhabirine verdi\u011fi deme\u00e7te, bu sabah, milislere ba\u011fl\u0131 silahl\u0131 gruplar\u0131n, Deyrezzor&#8217;un do\u011fu k\u0131rsal\u0131ndaki El Busayra \u015fehri ve El \u015euhayil kasabas\u0131na b\u00fcy\u00fck bir bask\u0131n d\u00fczenleyerek, etraflar\u0131na silahl\u0131 bariyerler kurdu\u011funu \u00a0\u00e7ok say\u0131da genci evlerinden ve ula\u015f\u0131m ara\u00e7lar\u0131ndan ka\u00e7\u0131rd\u0131klar\u0131n\u0131 ve kendi saflar\u0131nda sava\u015fmalar\u0131 i\u00e7in onlar\u0131 zorunlu askerlik kamplar\u0131na g\u00f6t\u00fcrd\u00fc\u011f\u00fcn\u00fc belirtti.<\/p>\n<p>R.M.<\/p>\n<p><a href=\"https:\/\/t.me\/SuriyeArapHaberAjansI\">Telegram Kanal\u0131m\u0131z\u00a0<\/a><\/p>\n<p><a href=\"https:\/\/www.facebook.com\/SANAHaberAjansi\/\">Facebook Sayfam\u0131z<\/a><\/p>\n","protected":false},"excerpt":{"rendered":"<p>DEYREZZOR &#8211; Amerikan i\u015fgal g\u00fc\u00e7lerine ba\u011fl\u0131 (DSG) milislerinin militanlar\u0131 bug\u00fcn Deyrezor&#8217;un do\u011fu k\u0131rsal\u0131ndan birka\u00e7 genci ka\u00e7\u0131rarak kendi saflar\u0131nda sava\u015fmalar\u0131 i\u00e7in zorla askere ald\u0131. Yerel kaynaklar SANA muhabirine verdi\u011fi deme\u00e7te, bu sabah, milislere ba\u011fl\u0131 silahl\u0131 gruplar\u0131n, Deyrezzor&#8217;un do\u011fu k\u0131rsal\u0131ndaki El Busayra \u015fehri ve El \u015euhayil kasabas\u0131na b\u00fcy\u00fck bir bask\u0131n d\u00fczenleyerek, etraflar\u0131na silahl\u0131 bariyerler kurdu\u011funu \u00a0\u00e7ok say\u0131da &hellip;<\/p>\n","protected":false},"author":41,"featured_media":271135,"comment_status":"closed","ping_status":"closed","sticky":false,"template":"","format":"standard","meta":{"footnotes":""},"categories":[479,17988,478],"tags":[],"class_list":["post-271132","post","type-post","status-publish","format-standard","has-post-thumbnail","","category-haberler-yerel","category-son-haberler","category-yerel"],"_links":{"self":[{"href":"https:\/\/archive.sana.sy\/tr\/index.php?rest_route=\/wp\/v2\/posts\/271132","targetHints":{"allow":["GET"]}}],"collection":[{"href":"https:\/\/archive.sana.sy\/tr\/index.php?rest_route=\/wp\/v2\/posts"}],"about":[{"href":"https:\/\/archive.sana.sy\/tr\/index.php?rest_route=\/wp\/v2\/types\/post"}],"author":[{"embeddable":true,"href":"https:\/\/archive.sana.sy\/tr\/index.php?rest_route=\/wp\/v2\/users\/41"}],"replies":[{"embeddable":true,"href":"https:\/\/archive.sana.sy\/tr\/index.php?rest_route=%2Fwp%2Fv2%2Fcomments&post=271132"}],"version-history":[{"count":0,"href":"https:\/\/archive.sana.sy\/tr\/index.php?rest_route=\/wp\/v2\/posts\/271132\/revisions"}],"wp:featuredmedia":[{"embeddable":true,"href":"https:\/\/archive.sana.sy\/tr\/index.php?rest_route=\/wp\/v2\/media\/271135"}],"wp:attachment":[{"href":"https:\/\/archive.sana.sy\/tr\/index.php?rest_route=%2Fwp%2Fv2%2Fmedia&parent=271132"}],"wp:term":[{"taxonomy":"category","embeddable":true,"href":"https:\/\/archive.sana.sy\/tr\/index.php?rest_route=%2Fwp%2Fv2%2Fcategories&post=271132"},{"taxonomy":"post_tag","embeddable":true,"href":"https:\/\/archive.sana.sy\/tr\/index.php?rest_route=%2Fwp%2Fv2%2Ftags&post=271132"}],"curies":[{"name":"wp","href":"https:\/\/api.w.org\/{rel}","templated":true}]}}