{"id":27116,"date":"2015-03-21T21:15:21","date_gmt":"2015-03-21T19:15:21","guid":{"rendered":"http:\/\/www.sana.sy\/tr\/?p=27116"},"modified":"2015-03-22T08:36:33","modified_gmt":"2015-03-22T06:36:33","slug":"dera-kirsalindaki-teroristler-suveyda-kirsalinda-sivil-vatandaslara-sadlirdi","status":"publish","type":"post","link":"https:\/\/archive.sana.sy\/tr\/?p=27116","title":{"rendered":"Dera K\u0131rsal\u0131ndaki Ter\u00f6ristler S\u00fcveyda K\u0131rsal\u0131nda Sivil Vatanda\u015flara Sald\u0131rd\u0131"},"content":{"rendered":"<p>S\u00dcVEYDA \u2013 Ter\u00f6r destek\u00e7isi kimi rejimlerin \u2018\u0131l\u0131ml\u0131 muhalifler\u2019 olarak nitelendirdikleri ter\u00f6r \u00e7eteleri bug\u00fcn sabah saatlerinde Dera k\u0131rsal\u0131n\u0131n g\u00fcneydo\u011fusuna d\u00fc\u015fen Sammad K\u00f6y\u00fcnden S\u00fcveyda k\u0131rsal\u0131n\u0131n g\u00fcneybat\u0131s\u0131na d\u00fc\u015fen Bekka ile Ziybeyn k\u00f6yleri aras\u0131na d\u00fc\u015fen b\u00f6lgeye 6 havan mermisiyle sald\u0131rd\u0131.<\/p>\n<p>S\u00fcveyda \u0130l Emniyet M\u00fcd\u00fcrl\u00fc\u011f\u00fcnde bir kaynak hain sald\u0131r\u0131da 2 sivil vatanda\u015f\u0131n \u015fehit d\u00fc\u015ft\u00fc\u011f\u00fcn\u00fc, bir sivil vatanda\u015f\u0131n da yaraland\u0131\u011f\u0131n\u0131 s\u00f6yledi.<\/p>\n<p>A.A.<\/p>\n","protected":false},"excerpt":{"rendered":"<p>S\u00dcVEYDA \u2013 Ter\u00f6r destek\u00e7isi kimi rejimlerin \u2018\u0131l\u0131ml\u0131 muhalifler\u2019 olarak nitelendirdikleri ter\u00f6r \u00e7eteleri bug\u00fcn sabah saatlerinde Dera k\u0131rsal\u0131n\u0131n g\u00fcneydo\u011fusuna d\u00fc\u015fen Sammad K\u00f6y\u00fcnden S\u00fcveyda k\u0131rsal\u0131n\u0131n g\u00fcneybat\u0131s\u0131na d\u00fc\u015fen Bekka ile Ziybeyn k\u00f6yleri aras\u0131na d\u00fc\u015fen b\u00f6lgeye 6 havan mermisiyle sald\u0131rd\u0131. S\u00fcveyda \u0130l Emniyet M\u00fcd\u00fcrl\u00fc\u011f\u00fcnde bir kaynak hain sald\u0131r\u0131da 2 sivil vatanda\u015f\u0131n \u015fehit d\u00fc\u015ft\u00fc\u011f\u00fcn\u00fc, bir sivil vatanda\u015f\u0131n da yaraland\u0131\u011f\u0131n\u0131 s\u00f6yledi. &hellip;<\/p>\n","protected":false},"author":1,"featured_media":27117,"comment_status":"closed","ping_status":"closed","sticky":false,"template":"","format":"standard","meta":{"footnotes":""},"categories":[479,575,478],"tags":[12767],"class_list":["post-27116","post","type-post","status-publish","format-standard","has-post-thumbnail","","category-haberler-yerel","category-olaylar-ve-gercekler","category-yerel","tag-dera-kirsalindaki-teroristler-suveyda-kirsalinda-sivil-vatandaslara-saldirdi"],"_links":{"self":[{"href":"https:\/\/archive.sana.sy\/tr\/index.php?rest_route=\/wp\/v2\/posts\/27116","targetHints":{"allow":["GET"]}}],"collection":[{"href":"https:\/\/archive.sana.sy\/tr\/index.php?rest_route=\/wp\/v2\/posts"}],"about":[{"href":"https:\/\/archive.sana.sy\/tr\/index.php?rest_route=\/wp\/v2\/types\/post"}],"author":[{"embeddable":true,"href":"https:\/\/archive.sana.sy\/tr\/index.php?rest_route=\/wp\/v2\/users\/1"}],"replies":[{"embeddable":true,"href":"https:\/\/archive.sana.sy\/tr\/index.php?rest_route=%2Fwp%2Fv2%2Fcomments&post=27116"}],"version-history":[{"count":0,"href":"https:\/\/archive.sana.sy\/tr\/index.php?rest_route=\/wp\/v2\/posts\/27116\/revisions"}],"wp:featuredmedia":[{"embeddable":true,"href":"https:\/\/archive.sana.sy\/tr\/index.php?rest_route=\/wp\/v2\/media\/27117"}],"wp:attachment":[{"href":"https:\/\/archive.sana.sy\/tr\/index.php?rest_route=%2Fwp%2Fv2%2Fmedia&parent=27116"}],"wp:term":[{"taxonomy":"category","embeddable":true,"href":"https:\/\/archive.sana.sy\/tr\/index.php?rest_route=%2Fwp%2Fv2%2Fcategories&post=27116"},{"taxonomy":"post_tag","embeddable":true,"href":"https:\/\/archive.sana.sy\/tr\/index.php?rest_route=%2Fwp%2Fv2%2Ftags&post=27116"}],"curies":[{"name":"wp","href":"https:\/\/api.w.org\/{rel}","templated":true}]}}