{"id":271165,"date":"2023-01-14T23:58:57","date_gmt":"2023-01-14T21:58:57","guid":{"rendered":"http:\/\/107.6.182.27\/tr\/?p=271165"},"modified":"2023-01-16T07:31:16","modified_gmt":"2023-01-16T05:31:16","slug":"mikdad-ve-abdullahyan-suriyenin-egemenligine-ve-toprak-butunlugune-saygi-duyulmasi-gerekiyor","status":"publish","type":"post","link":"https:\/\/archive.sana.sy\/tr\/?p=271165","title":{"rendered":"Mikdad: Suriye-\u0130ran ili\u015fkileri Stratejik&#8230; Abdullahyan: Siyasi D\u00fczeye Ula\u015fmak \u0130\u00e7in Ekonomik \u0130li\u015fkileri Geli\u015ftirmek \u0130\u00e7in \u00c7al\u0131\u015f\u0131yoruz \u2018\u2019Video\u2019\u2019"},"content":{"rendered":"<p><strong>\u015eAM<\/strong> \u2013D\u0131\u015fi\u015fleri ve Gurbet\u00e7iler Bakan\u0131\u00a0 Faysal Mikdad, Suriye-\u0130ran ili\u015fkilerinin stratejik oldu\u011funu ve \u00f6n\u00fcm\u00fczdeki birka\u00e7 g\u00fcn ve haftalarda, iki \u00fclkenin, iki dost halk\u0131n \u00e7\u0131karlar\u0131 do\u011frultusunda, onu \u00e7e\u015fitli alanlarda geli\u015ftirme ihtiyac\u0131na olan inanc\u0131 ve derinli\u011fine tan\u0131kl\u0131k eden y\u00f6nlerle ta\u00e7land\u0131r\u0131laca\u011f\u0131n\u0131 vurgulad\u0131.<\/p>\n<p><img loading=\"lazy\" decoding=\"async\" class=\"size-full wp-image-271223 alignright\" src=\"http:\/\/107.6.182.27\/tr\/wp-content\/uploads\/2023\/01\/999_2957-300x200-1.jpg\" alt=\"\" width=\"300\" height=\"200\" srcset=\"https:\/\/archive.sana.sy\/tr\/wp-content\/uploads\/2023\/01\/999_2957-300x200-1.jpg 300w, https:\/\/archive.sana.sy\/tr\/wp-content\/uploads\/2023\/01\/999_2957-300x200-1-150x100.jpg 150w\" sizes=\"auto, (max-width: 300px) 100vw, 300px\" \/>Bakan Mikdad bug\u00fcn \u0130ranl\u0131 mevkida\u015f\u0131 H\u00fcseyin Amir Abdullahyan ile D\u0131\u015fi\u015fleri Bakanl\u0131\u011f\u0131 binas\u0131nda yapt\u0131klar\u0131 g\u00f6r\u00fc\u015fmenin ard\u0131ndan d\u00fczenledi\u011fi bas\u0131n toplant\u0131s\u0131nda, \u2018\u2019Bu ziyaret, iki \u00fclkenin, Suriye halk\u0131n\u0131n rahat bir s\u00fcre\u00e7 ge\u00e7irmesini istemeyen ABD ve Siyonist \u0131rk\u00e7\u0131 olu\u015fum ba\u015fta olmak \u00fczere Bat\u0131l\u0131 \u00fclkeler taraf\u0131ndan s\u00fcrekli meydan okumalarla kar\u015f\u0131 kar\u015f\u0131ya kald\u0131\u011f\u0131 b\u00f6lgedeki yeni geli\u015fmeler \u0131\u015f\u0131\u011f\u0131nda ger\u00e7ekle\u015fti\u2019\u2019 diyerek,\u00a0 \u0130ran i\u00e7in bu meydan okumalar\u0131n 1979&#8217;da \u0130slam Devrimi&#8217;nin kurulu\u015fundan bu yana devam etti\u011fine i\u015faret etti.<\/p>\n<p>Mikdad a\u00e7\u0131klamas\u0131nda, \u2018\u2019Suriye ile ili\u015fkilerini \u00e7e\u015fitli siyasi ve ekonomik alanlarda geli\u015ftiren \u0130ran&#8217;a te\u015fekk\u00fcrlerimizi sunuyoruz. \u0130ki \u00fclke ili\u015fkilerinin stratejik oldu\u011funu ve \u00f6n\u00fcm\u00fczdeki g\u00fcnlerde ve haftalarda derinli\u011fini g\u00f6steren y\u00f6nleriyle ta\u00e7land\u0131r\u0131laca\u011f\u0131n\u0131 vurguluyoruz\u2019\u2019 ifadelerini kullanarak, iki \u00fclkenin t\u00fcm toplant\u0131lar\u0131nda, halklar\u0131na dayat\u0131lan yasad\u0131\u015f\u0131 Bat\u0131 zorlay\u0131c\u0131 ekonomik \u00f6nlemlerine kar\u015f\u0131 koymak i\u00e7in aralar\u0131ndaki ekonomik ili\u015fkileri g\u00fc\u00e7lendirmenin \u00f6nemini g\u00f6r\u00fc\u015ft\u00fc\u011f\u00fcn\u00fc a\u00e7\u0131klad\u0131.<\/p>\n<p><img loading=\"lazy\" decoding=\"async\" class=\"size-full wp-image-271224 alignright\" src=\"http:\/\/107.6.182.27\/tr\/wp-content\/uploads\/2023\/01\/999_2966-300x200-1.jpg\" alt=\"\" width=\"300\" height=\"200\" srcset=\"https:\/\/archive.sana.sy\/tr\/wp-content\/uploads\/2023\/01\/999_2966-300x200-1.jpg 300w, https:\/\/archive.sana.sy\/tr\/wp-content\/uploads\/2023\/01\/999_2966-300x200-1-150x100.jpg 150w\" sizes=\"auto, (max-width: 300px) 100vw, 300px\" \/>Mikdad ayr\u0131ca, \u2018\u2019Dolay\u0131s\u0131yla Say\u0131n Cumhurba\u015fkan\u0131 Be\u015far Esad ile T\u00fcrk liderli\u011finin g\u00f6r\u00fc\u015fmesi, bu duruma yol a\u00e7an sebeplerin ve Suriye-T\u00fcrkiye ili\u015fkilerinin daha \u00f6nce \u00fczerine in\u015fa edildi\u011fi uzla\u015fman\u0131n yerini alan farkl\u0131l\u0131klar\u0131n ortadan kald\u0131r\u0131lmas\u0131na ba\u011fl\u0131d\u0131r. Bu ba\u011flamda Moskova&#8217;da Suriye, Rusya ve T\u00fcrkiye savunma bakanlar\u0131 aras\u0131nda prensipte Suriye ve T\u00fcrkiye i\u00e7in baz\u0131 \u00f6nemli konular\u0131n, ancak at\u0131lmas\u0131 gereken pratik ad\u0131mlar\u0131n ele al\u0131nd\u0131\u011f\u0131 bir toplant\u0131 ger\u00e7ekle\u015ftirildi. \u0130ki \u00fclke aras\u0131nda birikmi\u015f sorunlar\u0131n A\u00e7\u0131k\u00e7a topraklar\u0131m\u0131z\u0131n sona ermesi gereken bir i\u015fgali olarak g\u00f6rd\u00fc\u011f\u00fcm\u00fcz Suriye topraklar\u0131ndaki T\u00fcrk askeri varl\u0131\u011f\u0131 da dahil \u00e7\u00f6z\u00fcme kavu\u015fturulmas\u0131 i\u00e7in sahada terc\u00fcme edilmesi ve Rus silahl\u0131 kuvvetleri temsilcilerinin huzurunda ve kat\u0131l\u0131m\u0131yla iki \u00fclke ordular\u0131ndaki teknik uzmanlardan olu\u015fan bir ekibe b\u0131rak\u0131lmas\u0131 gerekiyor\u2019\u2019 ifadelerini s\u00f6zlerine ekledi.<\/p>\n<p><img loading=\"lazy\" decoding=\"async\" class=\"size-full wp-image-271226 alignright\" src=\"http:\/\/107.6.182.27\/tr\/wp-content\/uploads\/2023\/01\/999_3118-300x200-1.jpg\" alt=\"\" width=\"300\" height=\"200\" srcset=\"https:\/\/archive.sana.sy\/tr\/wp-content\/uploads\/2023\/01\/999_3118-300x200-1.jpg 300w, https:\/\/archive.sana.sy\/tr\/wp-content\/uploads\/2023\/01\/999_3118-300x200-1-150x100.jpg 150w\" sizes=\"auto, (max-width: 300px) 100vw, 300px\" \/>Bakan Mikdad, gerekirse \u00fcst d\u00fczey toplant\u0131lar i\u00e7in uygun ortam\u0131n yarat\u0131lmas\u0131 gerekti\u011fini, siyasi toplant\u0131lar\u0131n Suriye&#8217;nin egemenli\u011fine ve toprak b\u00fct\u00fcnl\u00fc\u011f\u00fcne ve Suriye topraklar\u0131n\u0131n garant\u00f6r\u00fc olarak silahl\u0131 kuvvetlerin varl\u0131\u011f\u0131na sayg\u0131 duyan belirli temeller \u00fczerine in\u015fa edilmesi gerekti\u011fini da\u00a0 vurgularken, El Mikdad, \u0130srail&#8217;in baz\u0131 uluslararas\u0131 g\u00fc\u00e7lerin deste\u011fiyle \u015eam, Halep&#8217;teki sivil havaalanlar\u0131 ve Lazkiye liman\u0131 da dahil olmak \u00fczere Suriye topraklar\u0131na y\u00f6nelik art arda d\u00fczenledi\u011fi sald\u0131r\u0131lar\u0131n cevaps\u0131z kalmayaca\u011f\u0131n\u0131 belirtti.<\/p>\n<p>Buna kar\u015f\u0131l\u0131k Abdullahyan, devletlerin egemenli\u011fine ve toprak b\u00fct\u00fcnl\u00fc\u011f\u00fcne sayg\u0131 g\u00f6sterilmesi gerekti\u011fini vurgulayarak, \u0130ran-Suriye ili\u015fkilerinin en iyi d\u00f6nemini ya\u015fad\u0131\u011f\u0131na i\u015faret etti.<\/p>\n<p><img loading=\"lazy\" decoding=\"async\" class=\"size-full wp-image-271227 alignright\" src=\"http:\/\/107.6.182.27\/tr\/wp-content\/uploads\/2023\/01\/999_3039-300x200-1.jpg\" alt=\"\" width=\"300\" height=\"200\" srcset=\"https:\/\/archive.sana.sy\/tr\/wp-content\/uploads\/2023\/01\/999_3039-300x200-1.jpg 300w, https:\/\/archive.sana.sy\/tr\/wp-content\/uploads\/2023\/01\/999_3039-300x200-1-150x100.jpg 150w\" sizes=\"auto, (max-width: 300px) 100vw, 300px\" \/>Bakan Abdullahyan ayr\u0131ca, iki \u00fclkenin bu ili\u015fkileri ekonomik ve ticari olarak geni\u015fleterek siyasi ili\u015fkiler d\u00fczeyine \u00e7\u0131karmaya kararl\u0131 oldu\u011funu ve iki \u00fclke aras\u0131ndaki uzun vadeli stratejik i\u015fbirli\u011fi belgesinin yak\u0131n zamanda imzalanmak \u00fczere yenilenmesi konusunda mutabakata var\u0131ld\u0131\u011f\u0131n\u0131 kaydetti.<\/p>\n<p>Abdullahian, Suriye-T\u00fcrkiye ili\u015fkilerine ili\u015fkin ise, \u2018\u2019Suriye ve T\u00fcrkiye b\u00f6lgedeki \u00f6nemli \u00fclkeler ve Tahran her ikisiyle de se\u00e7kin ve iyi ili\u015fkilere sahip. Kuzey Suriye&#8217;ye y\u00f6nelik T\u00fcrk askeri sald\u0131r\u0131 tehditleri oldu\u011funda bunu \u00f6nlemek i\u00e7in \u00e7al\u0131\u015ft\u0131k. Diplomatik \u00e7abalar\u0131m\u0131z\u0131n sava\u015f\u0131n yerini diyaloga b\u0131rakmas\u0131ndan dolay\u0131 mutluyuz.\u201d de\u011ferlendirmesinde bulunurken, devletlerin egemenli\u011fine ve toprak b\u00fct\u00fcnl\u00fc\u011f\u00fcne sayg\u0131 duyulmas\u0131 ve \u0130ran&#8217;\u0131n yak\u0131nla\u015fma ve Suriye ile T\u00fcrkiye aras\u0131ndaki \u00e7\u00f6z\u00fclmemi\u015f sorunlar\u0131n \u00e7\u00f6z\u00fcm\u00fc i\u00e7in diplomatik \u00e7abalar\u0131n\u0131 s\u00fcrd\u00fcrmesi gerekti\u011fini vurgulad\u0131.<\/p>\n<p><iframe loading=\"lazy\" title=\"\u0623\u0628\u0631\u0632 \u0645\u0627 \u062a\u0636\u0645\u0646\u0647 \u0627\u0644\u0645\u0624\u062a\u0645\u0631 \u0627\u0644\u0635\u062d\u0641\u064a \u0644\u0648\u0632\u064a\u0631 \u0627\u0644\u062e\u0627\u0631\u062c\u064a\u0629 \u0648\u0627\u0644\u0645\u063a\u062a\u0631\u0628\u064a\u0646 \u0648\u0646\u0638\u064a\u0631\u0647 \u0627\u0644\u0625\u064a\u0631\u0627\u0646\u064a\" width=\"618\" height=\"348\" src=\"https:\/\/www.youtube.com\/embed\/xrEgDHhVPkk?feature=oembed\" frameborder=\"0\" allow=\"accelerometer; autoplay; clipboard-write; encrypted-media; gyroscope; picture-in-picture; web-share\" referrerpolicy=\"strict-origin-when-cross-origin\" allowfullscreen><\/iframe><\/p>\n<div id='gallery-1' class='gallery galleryid-271165 gallery-columns-2 gallery-size-medium'><figure class='gallery-item'>\n\t\t\t<div class='gallery-icon landscape'>\n\t\t\t\t<a href='https:\/\/archive.sana.sy\/tr\/?attachment_id=271230'><img loading=\"lazy\" decoding=\"async\" width=\"300\" height=\"200\" src=\"https:\/\/archive.sana.sy\/tr\/wp-content\/uploads\/2023\/01\/999_3049-300x200.jpg\" class=\"attachment-medium size-medium\" alt=\"\" srcset=\"https:\/\/archive.sana.sy\/tr\/wp-content\/uploads\/2023\/01\/999_3049-300x200.jpg 300w, https:\/\/archive.sana.sy\/tr\/wp-content\/uploads\/2023\/01\/999_3049-150x100.jpg 150w, https:\/\/archive.sana.sy\/tr\/wp-content\/uploads\/2023\/01\/999_3049.jpg 660w\" sizes=\"auto, (max-width: 300px) 100vw, 300px\" \/><\/a>\n\t\t\t<\/div><\/figure><figure class='gallery-item'>\n\t\t\t<div class='gallery-icon landscape'>\n\t\t\t\t<a href='https:\/\/archive.sana.sy\/tr\/?attachment_id=271233'><img loading=\"lazy\" decoding=\"async\" width=\"300\" height=\"200\" src=\"https:\/\/archive.sana.sy\/tr\/wp-content\/uploads\/2023\/01\/999_3002-300x200.jpg\" class=\"attachment-medium size-medium\" alt=\"\" srcset=\"https:\/\/archive.sana.sy\/tr\/wp-content\/uploads\/2023\/01\/999_3002-300x200.jpg 300w, https:\/\/archive.sana.sy\/tr\/wp-content\/uploads\/2023\/01\/999_3002-150x100.jpg 150w, https:\/\/archive.sana.sy\/tr\/wp-content\/uploads\/2023\/01\/999_3002.jpg 660w\" sizes=\"auto, (max-width: 300px) 100vw, 300px\" \/><\/a>\n\t\t\t<\/div><\/figure><figure class='gallery-item'>\n\t\t\t<div class='gallery-icon landscape'>\n\t\t\t\t<a href='https:\/\/archive.sana.sy\/tr\/?attachment_id=271236'><img loading=\"lazy\" decoding=\"async\" width=\"300\" height=\"200\" src=\"https:\/\/archive.sana.sy\/tr\/wp-content\/uploads\/2023\/01\/999_2974-300x200.jpg\" class=\"attachment-medium size-medium\" alt=\"\" srcset=\"https:\/\/archive.sana.sy\/tr\/wp-content\/uploads\/2023\/01\/999_2974-300x200.jpg 300w, https:\/\/archive.sana.sy\/tr\/wp-content\/uploads\/2023\/01\/999_2974-150x100.jpg 150w, https:\/\/archive.sana.sy\/tr\/wp-content\/uploads\/2023\/01\/999_2974.jpg 660w\" sizes=\"auto, (max-width: 300px) 100vw, 300px\" \/><\/a>\n\t\t\t<\/div><\/figure><figure class='gallery-item'>\n\t\t\t<div class='gallery-icon landscape'>\n\t\t\t\t<a href='https:\/\/archive.sana.sy\/tr\/?attachment_id=271231'><img loading=\"lazy\" decoding=\"async\" width=\"300\" height=\"200\" src=\"https:\/\/archive.sana.sy\/tr\/wp-content\/uploads\/2023\/01\/999_3047-300x200.jpg\" class=\"attachment-medium size-medium\" alt=\"\" srcset=\"https:\/\/archive.sana.sy\/tr\/wp-content\/uploads\/2023\/01\/999_3047-300x200.jpg 300w, https:\/\/archive.sana.sy\/tr\/wp-content\/uploads\/2023\/01\/999_3047-150x100.jpg 150w, https:\/\/archive.sana.sy\/tr\/wp-content\/uploads\/2023\/01\/999_3047.jpg 660w\" sizes=\"auto, (max-width: 300px) 100vw, 300px\" \/><\/a>\n\t\t\t<\/div><\/figure><figure class='gallery-item'>\n\t\t\t<div class='gallery-icon landscape'>\n\t\t\t\t<a href='https:\/\/archive.sana.sy\/tr\/?attachment_id=271234'><img loading=\"lazy\" decoding=\"async\" width=\"300\" height=\"200\" src=\"https:\/\/archive.sana.sy\/tr\/wp-content\/uploads\/2023\/01\/999_2998-300x200.jpg\" class=\"attachment-medium size-medium\" alt=\"\" srcset=\"https:\/\/archive.sana.sy\/tr\/wp-content\/uploads\/2023\/01\/999_2998-300x200.jpg 300w, https:\/\/archive.sana.sy\/tr\/wp-content\/uploads\/2023\/01\/999_2998-150x100.jpg 150w, https:\/\/archive.sana.sy\/tr\/wp-content\/uploads\/2023\/01\/999_2998.jpg 660w\" sizes=\"auto, (max-width: 300px) 100vw, 300px\" \/><\/a>\n\t\t\t<\/div><\/figure><figure class='gallery-item'>\n\t\t\t<div class='gallery-icon landscape'>\n\t\t\t\t<a href='https:\/\/archive.sana.sy\/tr\/?attachment_id=271235'><img loading=\"lazy\" decoding=\"async\" width=\"300\" height=\"200\" src=\"https:\/\/archive.sana.sy\/tr\/wp-content\/uploads\/2023\/01\/999_2988-300x200.jpg\" class=\"attachment-medium size-medium\" alt=\"\" srcset=\"https:\/\/archive.sana.sy\/tr\/wp-content\/uploads\/2023\/01\/999_2988-300x200.jpg 300w, https:\/\/archive.sana.sy\/tr\/wp-content\/uploads\/2023\/01\/999_2988-150x100.jpg 150w, https:\/\/archive.sana.sy\/tr\/wp-content\/uploads\/2023\/01\/999_2988.jpg 660w\" sizes=\"auto, (max-width: 300px) 100vw, 300px\" \/><\/a>\n\t\t\t<\/div><\/figure><figure class='gallery-item'>\n\t\t\t<div class='gallery-icon landscape'>\n\t\t\t\t<a href='https:\/\/archive.sana.sy\/tr\/?attachment_id=271229'><img loading=\"lazy\" decoding=\"async\" width=\"300\" height=\"200\" src=\"https:\/\/archive.sana.sy\/tr\/wp-content\/uploads\/2023\/01\/999_3070-300x200.jpg\" class=\"attachment-medium size-medium\" alt=\"\" srcset=\"https:\/\/archive.sana.sy\/tr\/wp-content\/uploads\/2023\/01\/999_3070-300x200.jpg 300w, https:\/\/archive.sana.sy\/tr\/wp-content\/uploads\/2023\/01\/999_3070-150x100.jpg 150w, https:\/\/archive.sana.sy\/tr\/wp-content\/uploads\/2023\/01\/999_3070.jpg 660w\" sizes=\"auto, (max-width: 300px) 100vw, 300px\" \/><\/a>\n\t\t\t<\/div><\/figure><figure class='gallery-item'>\n\t\t\t<div class='gallery-icon landscape'>\n\t\t\t\t<a href='https:\/\/archive.sana.sy\/tr\/?attachment_id=271232'><img loading=\"lazy\" decoding=\"async\" width=\"300\" height=\"200\" src=\"https:\/\/archive.sana.sy\/tr\/wp-content\/uploads\/2023\/01\/999_3045-300x200.jpg\" class=\"attachment-medium size-medium\" alt=\"\" srcset=\"https:\/\/archive.sana.sy\/tr\/wp-content\/uploads\/2023\/01\/999_3045-300x200.jpg 300w, https:\/\/archive.sana.sy\/tr\/wp-content\/uploads\/2023\/01\/999_3045-150x100.jpg 150w, https:\/\/archive.sana.sy\/tr\/wp-content\/uploads\/2023\/01\/999_3045.jpg 660w\" sizes=\"auto, (max-width: 300px) 100vw, 300px\" \/><\/a>\n\t\t\t<\/div><\/figure>\n\t\t<\/div>\n\n<p>&nbsp;<\/p>\n<p>R.M.<\/p>\n<p><a href=\"https:\/\/t.me\/SuriyeArapHaberAjansI\">Telegram Kanal\u0131m\u0131z\u00a0<\/a><\/p>\n<p><a href=\"https:\/\/www.facebook.com\/SANAHaberAjansi\/\">Facebook Sayfam\u0131z<\/a><\/p>\n<p>&nbsp;<\/p>\n","protected":false},"excerpt":{"rendered":"<p>\u015eAM \u2013D\u0131\u015fi\u015fleri ve Gurbet\u00e7iler Bakan\u0131\u00a0 Faysal Mikdad, Suriye-\u0130ran ili\u015fkilerinin stratejik oldu\u011funu ve \u00f6n\u00fcm\u00fczdeki birka\u00e7 g\u00fcn ve haftalarda, iki \u00fclkenin, iki dost halk\u0131n \u00e7\u0131karlar\u0131 do\u011frultusunda, onu \u00e7e\u015fitli alanlarda geli\u015ftirme ihtiyac\u0131na olan inanc\u0131 ve derinli\u011fine tan\u0131kl\u0131k eden y\u00f6nlerle ta\u00e7land\u0131r\u0131laca\u011f\u0131n\u0131 vurgulad\u0131. Bakan Mikdad bug\u00fcn \u0130ranl\u0131 mevkida\u015f\u0131 H\u00fcseyin Amir Abdullahyan ile D\u0131\u015fi\u015fleri Bakanl\u0131\u011f\u0131 binas\u0131nda yapt\u0131klar\u0131 g\u00f6r\u00fc\u015fmenin ard\u0131ndan d\u00fczenledi\u011fi bas\u0131n &hellip;<\/p>\n","protected":false},"author":41,"featured_media":271166,"comment_status":"closed","ping_status":"closed","sticky":false,"template":"","format":"standard","meta":{"footnotes":""},"categories":[479,17988,478],"tags":[],"class_list":["post-271165","post","type-post","status-publish","format-standard","has-post-thumbnail","","category-haberler-yerel","category-son-haberler","category-yerel"],"_links":{"self":[{"href":"https:\/\/archive.sana.sy\/tr\/index.php?rest_route=\/wp\/v2\/posts\/271165","targetHints":{"allow":["GET"]}}],"collection":[{"href":"https:\/\/archive.sana.sy\/tr\/index.php?rest_route=\/wp\/v2\/posts"}],"about":[{"href":"https:\/\/archive.sana.sy\/tr\/index.php?rest_route=\/wp\/v2\/types\/post"}],"author":[{"embeddable":true,"href":"https:\/\/archive.sana.sy\/tr\/index.php?rest_route=\/wp\/v2\/users\/41"}],"replies":[{"embeddable":true,"href":"https:\/\/archive.sana.sy\/tr\/index.php?rest_route=%2Fwp%2Fv2%2Fcomments&post=271165"}],"version-history":[{"count":0,"href":"https:\/\/archive.sana.sy\/tr\/index.php?rest_route=\/wp\/v2\/posts\/271165\/revisions"}],"wp:featuredmedia":[{"embeddable":true,"href":"https:\/\/archive.sana.sy\/tr\/index.php?rest_route=\/wp\/v2\/media\/271166"}],"wp:attachment":[{"href":"https:\/\/archive.sana.sy\/tr\/index.php?rest_route=%2Fwp%2Fv2%2Fmedia&parent=271165"}],"wp:term":[{"taxonomy":"category","embeddable":true,"href":"https:\/\/archive.sana.sy\/tr\/index.php?rest_route=%2Fwp%2Fv2%2Fcategories&post=271165"},{"taxonomy":"post_tag","embeddable":true,"href":"https:\/\/archive.sana.sy\/tr\/index.php?rest_route=%2Fwp%2Fv2%2Ftags&post=271165"}],"curies":[{"name":"wp","href":"https:\/\/api.w.org\/{rel}","templated":true}]}}