{"id":27119,"date":"2015-03-21T16:07:04","date_gmt":"2015-03-21T14:07:04","guid":{"rendered":"http:\/\/www.sana.sy\/tr\/?p=27119"},"modified":"2015-03-22T16:50:29","modified_gmt":"2015-03-22T14:50:29","slug":"teror-ve-destekcilerinin-kanli-yuzlerini-yansitan-bu-vahset-terorle-mucadelede-ciddiyet-ve-koordinasyonun-onemini-kanitliyor","status":"publish","type":"post","link":"https:\/\/archive.sana.sy\/tr\/?p=27119","title":{"rendered":"Ter\u00f6r ve Destek\u00e7ilerinin Kanl\u0131 Y\u00fczlerini Yans\u0131tan Bu Vah\u015fet, Ter\u00f6rle M\u00fccadelede Ciddiyet ve Koordinasyonun \u00d6nemini Kan\u0131tl\u0131yor"},"content":{"rendered":"<p>\u015eAM \u2013 Suriye Arap Cumhuriyeti d\u00fcn Yemen\u2019in ba\u015fkenti Sana\u2019da meydana gelen ve mescitlerde namaz k\u0131lan masum sivilleri hedef alan d\u00f6rt bombal\u0131 eylemi keskin ibarelerle k\u0131nad\u0131.<\/p>\n<p>D\u0131\u015fi\u015fleri ve Gurbet\u00e7iler\u00a0 Bakanl\u0131\u011f\u0131nda bir kaynak SANA\u2019ya yapt\u0131\u011f\u0131 a\u00e7\u0131klamada 140 ki\u015finin \u015fehit, 357\u2019den fazla ki\u015finin yaral\u0131 d\u00fc\u015fmelerine yol a\u00e7an katliam niteli\u011findeki bu vah\u015fi eylemin; kimi rejimlerin destekledikleri ter\u00f6r \u00e7etelerin \u00f6zellikle Ortado\u011fu olmak \u00fczere d\u00fcnyan\u0131n bir\u00e7ok yerinde ger\u00e7ekle\u015ftirdikleri insanl\u0131k d\u0131\u015f\u0131 eylemleri \u00e7er\u00e7evesinde oldu\u011funa dikkat \u00e7ekti.<\/p>\n<p>Vah\u015fetin ter\u00f6r \u00e7eteleri ve onlar\u0131 destekleyenlerin vah\u015fet dolu kanl\u0131 y\u00fczlerini yans\u0131tt\u0131\u011f\u0131na dikkat \u00e7eken kaynak; d\u00fcnyan\u0131n bir\u00e7ok b\u00f6lgesine yay\u0131lan bu ter\u00f6ristlerin dini mekanlara hi\u00e7bir itibar g\u00f6stermemeleriyle birlikte kad\u0131n, \u00e7ocuk yada ya\u015fl\u0131 demeden masum insanlar\u0131 k\u00f6rcesine ve gaddarca hedef ald\u0131klar\u0131n\u0131n bir kan\u0131t\u0131 oldu\u011funun alt\u0131n\u0131 \u00e7izdi.<\/p>\n<p>Bakanl\u0131k kayna\u011f\u0131 bu vah\u015fetin d\u00fcnyada ger\u00e7ekten g\u00fcvenlik ve istikrar\u0131n sa\u011flanmas\u0131n\u0131 isteyen ve ter\u00f6rle m\u00fccadelede d\u00fcr\u00fcst olan t\u00fcm taraflar\u0131n ter\u00f6rle m\u00fccadelede ter\u00f6rden zarar g\u00f6ren devletlerle i\u015fbirli\u011fi i\u00e7inde olmalar\u0131n\u0131 gerektirdi\u011fine dikkat \u00e7ekti. Ayn\u0131 zamanda ter\u00f6rle m\u00fccadele, ter\u00f6r\u00fcn finans ve kayna\u011f\u0131n\u0131 kurutmada ilgili uluslar aras\u0131 kararlara ba\u011fl\u0131 kalmakla birlikte bu konuda \u00e7ifte standartl\u0131 politika ve tutumlardan uzak durmay\u0131 da gerektirdi\u011finin alt\u0131n\u0131 \u00e7izen kaynak; ter\u00f6r ve ter\u00f6ristlere muhtelif \u015fekilde destek sa\u011flayan devletlerin her t\u00fcrl\u00fc desteklerini kesmelerini gerektirdi\u011finin alt\u0131n\u0131 \u00e7izdi.<\/p>\n<p>Kaynak a\u00e7\u0131klamas\u0131n\u0131n sonunda Suriye&#8217;nin; karde\u015f Yemen halk\u0131na taziyelerini takdim etti\u011fini, ter\u00f6rle m\u00fccadelede ayn\u0131 safta oldu\u011funu ifade etti.<\/p>\n<p>A.A.<\/p>\n","protected":false},"excerpt":{"rendered":"<p>\u015eAM \u2013 Suriye Arap Cumhuriyeti d\u00fcn Yemen\u2019in ba\u015fkenti Sana\u2019da meydana gelen ve mescitlerde namaz k\u0131lan masum sivilleri hedef alan d\u00f6rt bombal\u0131 eylemi keskin ibarelerle k\u0131nad\u0131. D\u0131\u015fi\u015fleri ve Gurbet\u00e7iler\u00a0 Bakanl\u0131\u011f\u0131nda bir kaynak SANA\u2019ya yapt\u0131\u011f\u0131 a\u00e7\u0131klamada 140 ki\u015finin \u015fehit, 357\u2019den fazla ki\u015finin yaral\u0131 d\u00fc\u015fmelerine yol a\u00e7an katliam niteli\u011findeki bu vah\u015fi eylemin; kimi rejimlerin destekledikleri ter\u00f6r \u00e7etelerin \u00f6zellikle &hellip;<\/p>\n","protected":false},"author":1,"featured_media":27120,"comment_status":"closed","ping_status":"closed","sticky":false,"template":"","format":"standard","meta":{"footnotes":""},"categories":[479,478],"tags":[12761,12762],"class_list":["post-27119","post","type-post","status-publish","format-standard","has-post-thumbnail","","category-haberler-yerel","category-yerel","tag-teror-ve-destekcilerinin-kanli-yuzlerini-yansitan-bu-vahset","tag-terorle-mucadelede-ciddiyet-ve-koordinasyonun-onemini-kanitliyor-sam-suriye-arap-cumhuriyeti-dun-yemenin-baskenti-sanada-meydana-gelen-ve-mescitlerde-namaz-kilan-masum-sivi"],"_links":{"self":[{"href":"https:\/\/archive.sana.sy\/tr\/index.php?rest_route=\/wp\/v2\/posts\/27119","targetHints":{"allow":["GET"]}}],"collection":[{"href":"https:\/\/archive.sana.sy\/tr\/index.php?rest_route=\/wp\/v2\/posts"}],"about":[{"href":"https:\/\/archive.sana.sy\/tr\/index.php?rest_route=\/wp\/v2\/types\/post"}],"author":[{"embeddable":true,"href":"https:\/\/archive.sana.sy\/tr\/index.php?rest_route=\/wp\/v2\/users\/1"}],"replies":[{"embeddable":true,"href":"https:\/\/archive.sana.sy\/tr\/index.php?rest_route=%2Fwp%2Fv2%2Fcomments&post=27119"}],"version-history":[{"count":0,"href":"https:\/\/archive.sana.sy\/tr\/index.php?rest_route=\/wp\/v2\/posts\/27119\/revisions"}],"wp:featuredmedia":[{"embeddable":true,"href":"https:\/\/archive.sana.sy\/tr\/index.php?rest_route=\/wp\/v2\/media\/27120"}],"wp:attachment":[{"href":"https:\/\/archive.sana.sy\/tr\/index.php?rest_route=%2Fwp%2Fv2%2Fmedia&parent=27119"}],"wp:term":[{"taxonomy":"category","embeddable":true,"href":"https:\/\/archive.sana.sy\/tr\/index.php?rest_route=%2Fwp%2Fv2%2Fcategories&post=27119"},{"taxonomy":"post_tag","embeddable":true,"href":"https:\/\/archive.sana.sy\/tr\/index.php?rest_route=%2Fwp%2Fv2%2Ftags&post=27119"}],"curies":[{"name":"wp","href":"https:\/\/api.w.org\/{rel}","templated":true}]}}