{"id":271208,"date":"2023-01-15T09:00:47","date_gmt":"2023-01-15T07:00:47","guid":{"rendered":"http:\/\/107.6.182.27\/tr\/?p=271208"},"modified":"2023-01-16T07:31:22","modified_gmt":"2023-01-16T05:31:22","slug":"israil-isgal-gucleri-bati-yakada-8-filistinliyi-tutukladi-7","status":"publish","type":"post","link":"https:\/\/archive.sana.sy\/tr\/?p=271208","title":{"rendered":"\u0130srail \u0130\u015fgal G\u00fc\u00e7leri, Bat\u0131 Yaka&#8217;da 8 Filistinliyi Tutuklad\u0131"},"content":{"rendered":"<p><strong>\u0130\u015eGAL ED\u0130LEN KUD\u00dcS<\/strong> \u2013 \u0130srail i\u015fgal g\u00fc\u00e7leri, Bat\u0131 Yaka&#8217;n\u0131n farkl\u0131 b\u00f6lgelerine bask\u0131n d\u00fczenleyerek 8 Filistinliyi tutuklad\u0131.<\/p>\n<p>Filistinli medyas\u0131, \u0130srail i\u015fgal g\u00fc\u00e7lerinin, Ramallah ve Cenin kentindeki birka\u00e7 mahalesine ve Kud\u00fcs&#8217;teki El Eseviya ve El Halil&#8217;deki Sair beldelerine bask\u0131n d\u00fczenledi\u011fini belirtirken, 8 Filistinliyi tutuklad\u0131\u011f\u0131na i\u015faret etti.<\/p>\n<p>Filistinli medyas\u0131 ayr\u0131ca, Bat\u0131 Yaka&#8217;daki Ramallah&#8217;\u0131n do\u011fusundaki Silvad beldesinin Bat\u0131 giri\u015finde konu\u015flanan \u0130srail i\u015fgal g\u00fc\u00e7lerinin taraf\u0131ndan vurulduktan bir Filistinli \u015fehit d\u00fc\u015ft\u00fc\u011f\u00fcn\u00fc ve o\u011flunu tutukland\u0131\u011f\u0131n\u0131 belirtti.<\/p>\n<p><a href=\"https:\/\/t.me\/SuriyeArapHaberAjansI\"><span style=\"color: #0000ff;\">Telegram Kanal\u0131m\u0131z\u00a0<\/span><\/a><\/p>\n<p><span style=\"color: #0000ff;\"><a style=\"color: #0000ff;\" href=\"https:\/\/www.facebook.com\/SANAHaberAjansi\/\">Facebook Sayfam\u0131z<\/a><\/span><\/p>\n","protected":false},"excerpt":{"rendered":"<p>\u0130\u015eGAL ED\u0130LEN KUD\u00dcS \u2013 \u0130srail i\u015fgal g\u00fc\u00e7leri, Bat\u0131 Yaka&#8217;n\u0131n farkl\u0131 b\u00f6lgelerine bask\u0131n d\u00fczenleyerek 8 Filistinliyi tutuklad\u0131. Filistinli medyas\u0131, \u0130srail i\u015fgal g\u00fc\u00e7lerinin, Ramallah ve Cenin kentindeki birka\u00e7 mahalesine ve Kud\u00fcs&#8217;teki El Eseviya ve El Halil&#8217;deki Sair beldelerine bask\u0131n d\u00fczenledi\u011fini belirtirken, 8 Filistinliyi tutuklad\u0131\u011f\u0131na i\u015faret etti. Filistinli medyas\u0131 ayr\u0131ca, Bat\u0131 Yaka&#8217;daki Ramallah&#8217;\u0131n do\u011fusundaki Silvad beldesinin Bat\u0131 giri\u015finde &hellip;<\/p>\n","protected":false},"author":39,"featured_media":271209,"comment_status":"closed","ping_status":"closed","sticky":false,"template":"","format":"standard","meta":{"footnotes":""},"categories":[458,459,17988],"tags":[],"class_list":["post-271208","post","type-post","status-publish","format-standard","has-post-thumbnail","","category-dunya1","category-haberler-arap-uluslararasi-politika","category-son-haberler"],"_links":{"self":[{"href":"https:\/\/archive.sana.sy\/tr\/index.php?rest_route=\/wp\/v2\/posts\/271208","targetHints":{"allow":["GET"]}}],"collection":[{"href":"https:\/\/archive.sana.sy\/tr\/index.php?rest_route=\/wp\/v2\/posts"}],"about":[{"href":"https:\/\/archive.sana.sy\/tr\/index.php?rest_route=\/wp\/v2\/types\/post"}],"author":[{"embeddable":true,"href":"https:\/\/archive.sana.sy\/tr\/index.php?rest_route=\/wp\/v2\/users\/39"}],"replies":[{"embeddable":true,"href":"https:\/\/archive.sana.sy\/tr\/index.php?rest_route=%2Fwp%2Fv2%2Fcomments&post=271208"}],"version-history":[{"count":0,"href":"https:\/\/archive.sana.sy\/tr\/index.php?rest_route=\/wp\/v2\/posts\/271208\/revisions"}],"wp:featuredmedia":[{"embeddable":true,"href":"https:\/\/archive.sana.sy\/tr\/index.php?rest_route=\/wp\/v2\/media\/271209"}],"wp:attachment":[{"href":"https:\/\/archive.sana.sy\/tr\/index.php?rest_route=%2Fwp%2Fv2%2Fmedia&parent=271208"}],"wp:term":[{"taxonomy":"category","embeddable":true,"href":"https:\/\/archive.sana.sy\/tr\/index.php?rest_route=%2Fwp%2Fv2%2Fcategories&post=271208"},{"taxonomy":"post_tag","embeddable":true,"href":"https:\/\/archive.sana.sy\/tr\/index.php?rest_route=%2Fwp%2Fv2%2Ftags&post=271208"}],"curies":[{"name":"wp","href":"https:\/\/api.w.org\/{rel}","templated":true}]}}