{"id":271259,"date":"2023-01-16T08:18:53","date_gmt":"2023-01-16T06:18:53","guid":{"rendered":"http:\/\/107.6.182.27\/tr\/?p=271259"},"modified":"2023-01-17T07:24:13","modified_gmt":"2023-01-17T05:24:13","slug":"israil-isgal-guclerinin-kursunlariyla-bir-filistinli-yaraladi-bir-kisi-de-tutuklandi","status":"publish","type":"post","link":"https:\/\/archive.sana.sy\/tr\/?p=271259","title":{"rendered":"\u0130srail \u0130\u015fgal G\u00fc\u00e7lerinin Kur\u015funlar\u0131yla Bir Filistinli Yaralad\u0131, Bir Ki\u015fi De Tutukland\u0131"},"content":{"rendered":"<p><strong>\u0130\u015eGAL ED\u0130LEN KUD\u00dcS<\/strong> \u2013 \u0130srail i\u015fgal g\u00fc\u00e7lerinin, Bat\u0131 Yaka&#8217;n\u0131n Beyt Lahm&#8217;\u0131n g\u00fcneyindeki Dhe\u015fe kamp\u0131na d\u00fczenledi\u011fi bask\u0131nda bir Filistinliyi yaraland\u0131 ve bir di\u011feri tutukland\u0131.<\/p>\n<p>WAFA Haber Ajans\u0131, \u0130srail i\u015fgal g\u00fc\u00e7lerinin, Dhe\u015fe kamp\u0131na bask\u0131n d\u00fczenleyip ve Filistinlilere ate\u015f ederek sald\u0131rd\u0131\u011f\u0131n\u0131, bunun sonucunda bir Filistinlinin ba\u015f\u0131ndan a\u011f\u0131r yaraland\u0131\u011f\u0131n\u0131 ve bir di\u011ferinin de tutukland\u0131\u011f\u0131n\u0131 belirtti.<\/p>\n<p><a href=\"https:\/\/t.me\/SuriyeArapHaberAjansI\"><span style=\"color: #0000ff;\">Telegram Kanal\u0131m\u0131z\u00a0<\/span><\/a><\/p>\n<p><span style=\"color: #0000ff;\"><a style=\"color: #0000ff;\" href=\"https:\/\/www.facebook.com\/SANAHaberAjansi\/\">Facebook Sayfam\u0131z<\/a><\/span><\/p>\n","protected":false},"excerpt":{"rendered":"<p>\u0130\u015eGAL ED\u0130LEN KUD\u00dcS \u2013 \u0130srail i\u015fgal g\u00fc\u00e7lerinin, Bat\u0131 Yaka&#8217;n\u0131n Beyt Lahm&#8217;\u0131n g\u00fcneyindeki Dhe\u015fe kamp\u0131na d\u00fczenledi\u011fi bask\u0131nda bir Filistinliyi yaraland\u0131 ve bir di\u011feri tutukland\u0131. WAFA Haber Ajans\u0131, \u0130srail i\u015fgal g\u00fc\u00e7lerinin, Dhe\u015fe kamp\u0131na bask\u0131n d\u00fczenleyip ve Filistinlilere ate\u015f ederek sald\u0131rd\u0131\u011f\u0131n\u0131, bunun sonucunda bir Filistinlinin ba\u015f\u0131ndan a\u011f\u0131r yaraland\u0131\u011f\u0131n\u0131 ve bir di\u011ferinin de tutukland\u0131\u011f\u0131n\u0131 belirtti. Telegram Kanal\u0131m\u0131z\u00a0 Facebook Sayfam\u0131z<\/p>\n","protected":false},"author":39,"featured_media":271260,"comment_status":"closed","ping_status":"closed","sticky":false,"template":"","format":"standard","meta":{"footnotes":""},"categories":[458,459,17988],"tags":[],"class_list":["post-271259","post","type-post","status-publish","format-standard","has-post-thumbnail","","category-dunya1","category-haberler-arap-uluslararasi-politika","category-son-haberler"],"_links":{"self":[{"href":"https:\/\/archive.sana.sy\/tr\/index.php?rest_route=\/wp\/v2\/posts\/271259","targetHints":{"allow":["GET"]}}],"collection":[{"href":"https:\/\/archive.sana.sy\/tr\/index.php?rest_route=\/wp\/v2\/posts"}],"about":[{"href":"https:\/\/archive.sana.sy\/tr\/index.php?rest_route=\/wp\/v2\/types\/post"}],"author":[{"embeddable":true,"href":"https:\/\/archive.sana.sy\/tr\/index.php?rest_route=\/wp\/v2\/users\/39"}],"replies":[{"embeddable":true,"href":"https:\/\/archive.sana.sy\/tr\/index.php?rest_route=%2Fwp%2Fv2%2Fcomments&post=271259"}],"version-history":[{"count":0,"href":"https:\/\/archive.sana.sy\/tr\/index.php?rest_route=\/wp\/v2\/posts\/271259\/revisions"}],"wp:featuredmedia":[{"embeddable":true,"href":"https:\/\/archive.sana.sy\/tr\/index.php?rest_route=\/wp\/v2\/media\/271260"}],"wp:attachment":[{"href":"https:\/\/archive.sana.sy\/tr\/index.php?rest_route=%2Fwp%2Fv2%2Fmedia&parent=271259"}],"wp:term":[{"taxonomy":"category","embeddable":true,"href":"https:\/\/archive.sana.sy\/tr\/index.php?rest_route=%2Fwp%2Fv2%2Fcategories&post=271259"},{"taxonomy":"post_tag","embeddable":true,"href":"https:\/\/archive.sana.sy\/tr\/index.php?rest_route=%2Fwp%2Fv2%2Ftags&post=271259"}],"curies":[{"name":"wp","href":"https:\/\/api.w.org\/{rel}","templated":true}]}}