{"id":271277,"date":"2023-01-16T10:36:21","date_gmt":"2023-01-16T08:36:21","guid":{"rendered":"http:\/\/107.6.182.27\/tr\/?p=271277"},"modified":"2023-01-17T07:24:36","modified_gmt":"2023-01-17T05:24:36","slug":"mayya-ve-el-habsi-suriye-ile-umman-arasindaki-tarimsal-isbirliginin-gelistirilmesini-gorustu","status":"publish","type":"post","link":"https:\/\/archive.sana.sy\/tr\/?p=271277","title":{"rendered":"Mayya Ve El Habsi, Suriye \u0130le Umman Aras\u0131ndaki Tar\u0131msal \u0130\u015fbirli\u011finin Geli\u015ftirilmesini G\u00f6r\u00fc\u015ft\u00fc"},"content":{"rendered":"<p><strong>MASKAT<\/strong> \u2013 Umman Sultanl\u0131\u011f\u0131 Tar\u0131m, Bal\u0131k\u00e7\u0131l\u0131k ve Su Kaynaklar\u0131 Bakan\u0131 Suud Ebin Hammud El Habsi, Suriye&#8217;nin Umman B\u00fcy\u00fckel\u00e7isi Dr. \u0130dris Mayya ile, iki karde\u015f \u00fclke aras\u0131nda tar\u0131m sekt\u00f6r\u00fc alan\u0131nda i\u015fbirli\u011fi ili\u015fkilerinin geli\u015ftirilmesi ve deneyim payla\u015f\u0131m\u0131n\u0131n yollar\u0131n\u0131 g\u00f6r\u00fc\u015ft\u00fc.<\/p>\n<p>G\u00f6r\u00fc\u015fmede, Bakan El Habsi, \u00fclkesinin, \u00f6zellikle palmiye a\u011fa\u00e7lar\u0131 ve hurma \u00fcretimi olmak \u00fczere tar\u0131m alan\u0131nda uzmanl\u0131k sa\u011flamaya haz\u0131r oldu\u011funu ifade etti.<\/p>\n<p>Kendi y\u00f6n\u00fcnden B\u00fcy\u00fckel\u00e7i Mayya, iki karde\u015f \u00fclkenin Tar\u0131m Bakanlar\u0131 aras\u0131nda ge\u00e7ti\u011fimiz Kas\u0131m ay\u0131n\u0131n 25&#8217;inde Maskat&#8217;ta ger\u00e7ekle\u015ftirilen g\u00f6r\u00fc\u015fmede ele al\u0131nan t\u00fcm konular\u0131n ve meselelerin takip edilmesinin \u00f6nemini vurgulad\u0131.<\/p>\n<p>Toplant\u0131ya B\u00fcy\u00fckel\u00e7ilik M\u00fcste\u015far\u0131 \u200b\u200bFatuh Kudsya ile Umman Tar\u0131m, Bal\u0131k\u00e7\u0131l\u0131k ve Su Kaynaklar\u0131 Bakanl\u0131\u011f\u0131 Uluslararas\u0131 \u0130\u015fbirli\u011fi m\u00fcd\u00fcr\u00fc Rahma El Haceri kat\u0131ld\u0131.<\/p>\n<p><span style=\"color: #0000ff;\"><a style=\"color: #0000ff;\" href=\"https:\/\/t.me\/SuriyeArapHaberAjansI\">Telegram Kanal\u0131m\u0131z\u00a0<\/a><\/span><\/p>\n<p><span style=\"color: #0000ff;\"><a style=\"color: #0000ff;\" href=\"https:\/\/www.facebook.com\/SANAHaberAjansi\/\">Facebook Sayfam\u0131z<\/a><\/span><\/p>\n","protected":false},"excerpt":{"rendered":"<p>MASKAT \u2013 Umman Sultanl\u0131\u011f\u0131 Tar\u0131m, Bal\u0131k\u00e7\u0131l\u0131k ve Su Kaynaklar\u0131 Bakan\u0131 Suud Ebin Hammud El Habsi, Suriye&#8217;nin Umman B\u00fcy\u00fckel\u00e7isi Dr. \u0130dris Mayya ile, iki karde\u015f \u00fclke aras\u0131nda tar\u0131m sekt\u00f6r\u00fc alan\u0131nda i\u015fbirli\u011fi ili\u015fkilerinin geli\u015ftirilmesi ve deneyim payla\u015f\u0131m\u0131n\u0131n yollar\u0131n\u0131 g\u00f6r\u00fc\u015ft\u00fc. G\u00f6r\u00fc\u015fmede, Bakan El Habsi, \u00fclkesinin, \u00f6zellikle palmiye a\u011fa\u00e7lar\u0131 ve hurma \u00fcretimi olmak \u00fczere tar\u0131m alan\u0131nda uzmanl\u0131k sa\u011flamaya haz\u0131r &hellip;<\/p>\n","protected":false},"author":39,"featured_media":271278,"comment_status":"closed","ping_status":"closed","sticky":false,"template":"","format":"standard","meta":{"footnotes":""},"categories":[458,459,17988],"tags":[],"class_list":["post-271277","post","type-post","status-publish","format-standard","has-post-thumbnail","","category-dunya1","category-haberler-arap-uluslararasi-politika","category-son-haberler"],"_links":{"self":[{"href":"https:\/\/archive.sana.sy\/tr\/index.php?rest_route=\/wp\/v2\/posts\/271277","targetHints":{"allow":["GET"]}}],"collection":[{"href":"https:\/\/archive.sana.sy\/tr\/index.php?rest_route=\/wp\/v2\/posts"}],"about":[{"href":"https:\/\/archive.sana.sy\/tr\/index.php?rest_route=\/wp\/v2\/types\/post"}],"author":[{"embeddable":true,"href":"https:\/\/archive.sana.sy\/tr\/index.php?rest_route=\/wp\/v2\/users\/39"}],"replies":[{"embeddable":true,"href":"https:\/\/archive.sana.sy\/tr\/index.php?rest_route=%2Fwp%2Fv2%2Fcomments&post=271277"}],"version-history":[{"count":0,"href":"https:\/\/archive.sana.sy\/tr\/index.php?rest_route=\/wp\/v2\/posts\/271277\/revisions"}],"wp:featuredmedia":[{"embeddable":true,"href":"https:\/\/archive.sana.sy\/tr\/index.php?rest_route=\/wp\/v2\/media\/271278"}],"wp:attachment":[{"href":"https:\/\/archive.sana.sy\/tr\/index.php?rest_route=%2Fwp%2Fv2%2Fmedia&parent=271277"}],"wp:term":[{"taxonomy":"category","embeddable":true,"href":"https:\/\/archive.sana.sy\/tr\/index.php?rest_route=%2Fwp%2Fv2%2Fcategories&post=271277"},{"taxonomy":"post_tag","embeddable":true,"href":"https:\/\/archive.sana.sy\/tr\/index.php?rest_route=%2Fwp%2Fv2%2Ftags&post=271277"}],"curies":[{"name":"wp","href":"https:\/\/api.w.org\/{rel}","templated":true}]}}