{"id":271280,"date":"2023-01-16T13:27:05","date_gmt":"2023-01-16T11:27:05","guid":{"rendered":"http:\/\/107.6.182.27\/tr\/?p=271280"},"modified":"2023-01-18T07:15:31","modified_gmt":"2023-01-18T05:15:31","slug":"el-caferi-kirgizistanin-rusya-buyukelcisi-ile-ikili-iliskileri-gelistirmenin-yollarini-gorustu","status":"publish","type":"post","link":"https:\/\/archive.sana.sy\/tr\/?p=271280","title":{"rendered":"El Caferi, K\u0131rg\u0131zistan&#8217;\u0131n Rusya B\u00fcy\u00fckel\u00e7isi \u0130le \u0130kili \u0130li\u015fkileri Geli\u015ftirmenin Yollar\u0131n\u0131 G\u00f6r\u00fc\u015ft\u00fc"},"content":{"rendered":"<p><strong>MOSKOVA<\/strong> \u2013 Suriye&#8217;nin Rusya B\u00fcy\u00fckel\u00e7isi Be\u015f\u015far El Caferi, K\u0131rg\u0131z Cumhuriyeti&#8217;nin Moskova B\u00fcy\u00fckel\u00e7isi Gulnar Clara Samat ile iki dost \u00fclke aras\u0131ndaki ikili ve tarihi ili\u015fkileri g\u00fc\u00e7lendirmenin yollar\u0131n\u0131 g\u00f6r\u00fc\u015ft\u00fc.<\/p>\n<p>G\u00f6r\u00fc\u015fmede B\u00fcy\u00fckel\u00e7i El Caferi, Suriye&#8217;nin maruz kald\u0131\u011f\u0131 ter\u00f6r sava\u015f\u0131n\u0131n seyri ve Bat\u0131&#8217;n\u0131n tek tarafl\u0131 zorlay\u0131c\u0131 \u00f6nlemlerinin Suriye halk\u0131 \u00fczerindeki olumsuz etkisine ili\u015fkin siyasi ve ekonomik bir sunum yapt\u0131, K\u0131rg\u0131zistan&#8217;\u0131n uluslararas\u0131 kurulu\u015flar nezdinde Suriye&#8217;ye y\u00f6nelik dengeli ve destekleyici duru\u015funa dikkat \u00e7ekti.<\/p>\n<p>El Caferi, iki taraf aras\u0131ndaki ili\u015fkilerin ba\u015fta ekonomik i\u015fbirli\u011fi olmak \u00fczere her alanda g\u00fc\u00e7lendirilmesi gerekti\u011fini de vurgulad\u0131.<\/p>\n<p>Kendi y\u00f6n\u00fcnden B\u00fcy\u00fckel\u00e7i Samat ise, \u00fclkesinin iki dost \u00fclkeyi ekonomik alan ba\u015fta olmak \u00fczere her alanda bir araya getiren ikili ili\u015fkileri geli\u015ftirme konusundaki isteklili\u011fini teyit ederek, Suriye&#8217;nin \u00e7e\u015fitli d\u00fczeylerde rol\u00fcn\u00fc ve stat\u00fcs\u00fcn\u00fc geri kazanmas\u0131na y\u00f6nelik umudunu dile getirdi.<\/p>\n<p><span style=\"color: #0000ff;\"><a style=\"color: #0000ff;\" href=\"https:\/\/t.me\/SuriyeArapHaberAjansI\">Telegram Kanal\u0131m\u0131z\u00a0<\/a><\/span><\/p>\n<p><span style=\"color: #0000ff;\"><a style=\"color: #0000ff;\" href=\"https:\/\/www.facebook.com\/SANAHaberAjansi\/\">Facebook Sayfam\u0131z<\/a><\/span><\/p>\n","protected":false},"excerpt":{"rendered":"<p>MOSKOVA \u2013 Suriye&#8217;nin Rusya B\u00fcy\u00fckel\u00e7isi Be\u015f\u015far El Caferi, K\u0131rg\u0131z Cumhuriyeti&#8217;nin Moskova B\u00fcy\u00fckel\u00e7isi Gulnar Clara Samat ile iki dost \u00fclke aras\u0131ndaki ikili ve tarihi ili\u015fkileri g\u00fc\u00e7lendirmenin yollar\u0131n\u0131 g\u00f6r\u00fc\u015ft\u00fc. G\u00f6r\u00fc\u015fmede B\u00fcy\u00fckel\u00e7i El Caferi, Suriye&#8217;nin maruz kald\u0131\u011f\u0131 ter\u00f6r sava\u015f\u0131n\u0131n seyri ve Bat\u0131&#8217;n\u0131n tek tarafl\u0131 zorlay\u0131c\u0131 \u00f6nlemlerinin Suriye halk\u0131 \u00fczerindeki olumsuz etkisine ili\u015fkin siyasi ve ekonomik bir sunum yapt\u0131, &hellip;<\/p>\n","protected":false},"author":39,"featured_media":271281,"comment_status":"closed","ping_status":"closed","sticky":false,"template":"","format":"standard","meta":{"footnotes":""},"categories":[458,459,17988],"tags":[],"class_list":["post-271280","post","type-post","status-publish","format-standard","has-post-thumbnail","","category-dunya1","category-haberler-arap-uluslararasi-politika","category-son-haberler"],"_links":{"self":[{"href":"https:\/\/archive.sana.sy\/tr\/index.php?rest_route=\/wp\/v2\/posts\/271280","targetHints":{"allow":["GET"]}}],"collection":[{"href":"https:\/\/archive.sana.sy\/tr\/index.php?rest_route=\/wp\/v2\/posts"}],"about":[{"href":"https:\/\/archive.sana.sy\/tr\/index.php?rest_route=\/wp\/v2\/types\/post"}],"author":[{"embeddable":true,"href":"https:\/\/archive.sana.sy\/tr\/index.php?rest_route=\/wp\/v2\/users\/39"}],"replies":[{"embeddable":true,"href":"https:\/\/archive.sana.sy\/tr\/index.php?rest_route=%2Fwp%2Fv2%2Fcomments&post=271280"}],"version-history":[{"count":0,"href":"https:\/\/archive.sana.sy\/tr\/index.php?rest_route=\/wp\/v2\/posts\/271280\/revisions"}],"wp:featuredmedia":[{"embeddable":true,"href":"https:\/\/archive.sana.sy\/tr\/index.php?rest_route=\/wp\/v2\/media\/271281"}],"wp:attachment":[{"href":"https:\/\/archive.sana.sy\/tr\/index.php?rest_route=%2Fwp%2Fv2%2Fmedia&parent=271280"}],"wp:term":[{"taxonomy":"category","embeddable":true,"href":"https:\/\/archive.sana.sy\/tr\/index.php?rest_route=%2Fwp%2Fv2%2Fcategories&post=271280"},{"taxonomy":"post_tag","embeddable":true,"href":"https:\/\/archive.sana.sy\/tr\/index.php?rest_route=%2Fwp%2Fv2%2Ftags&post=271280"}],"curies":[{"name":"wp","href":"https:\/\/api.w.org\/{rel}","templated":true}]}}