{"id":271284,"date":"2023-01-16T13:22:34","date_gmt":"2023-01-16T11:22:34","guid":{"rendered":"http:\/\/107.6.182.27\/tr\/?p=271284"},"modified":"2023-01-17T07:24:59","modified_gmt":"2023-01-17T05:24:59","slug":"arap-arastirmaci-abdnin-suriye-ablukasi-insanliga-karsi-bir-suc-ve-uluslararasi-yasa-ve-normlarin-alenen-ihlalidir","status":"publish","type":"post","link":"https:\/\/archive.sana.sy\/tr\/?p=271284","title":{"rendered":"Arap Ara\u015ft\u0131rmac\u0131: ABD&#8217;nin Suriye Ablukas\u0131 \u0130nsanl\u0131\u011fa Kar\u015f\u0131 Bir Su\u00e7 ve Uluslararas\u0131 Yasa Ve Normlar\u0131n Alenen \u0130hlalidir"},"content":{"rendered":"<p><strong>BEYRUT &#8211; <\/strong>Ara\u015ft\u0131rmac\u0131, politik iktisat\u00e7\u0131 ve Arap Ulusal Kongresi eski Genel Sekreteri Dr. Ziyad Haf\u0131z, Suriye&#8217;nin ba\u011f\u0131ms\u0131zl\u0131\u011f\u0131n\u0131 ve pan-Arap yakla\u015f\u0131m\u0131n\u0131 baltalamaya \u00e7al\u0131\u015fanlar i\u00e7in a\u015f\u0131lmaz oldu\u011funu ve \u00f6yle kalaca\u011f\u0131n\u0131 vurgulad\u0131.<\/p>\n<p><img loading=\"lazy\" decoding=\"async\" class=\"size-full wp-image-271286 alignright\" src=\"http:\/\/107.6.182.27\/tr\/wp-content\/uploads\/2023\/01\/12\u0633-300x168-1.jpg\" alt=\"\" width=\"300\" height=\"168\" srcset=\"https:\/\/archive.sana.sy\/tr\/wp-content\/uploads\/2023\/01\/12\u0633-300x168-1.jpg 300w, https:\/\/archive.sana.sy\/tr\/wp-content\/uploads\/2023\/01\/12\u0633-300x168-1-150x84.jpg 150w\" sizes=\"auto, (max-width: 300px) 100vw, 300px\" \/>Haf\u0131z, Suriye \u00fczerindeki ku\u015fatmay\u0131 kald\u0131rmaya y\u00f6nelik Arap ve uluslararas\u0131 halk kampanyas\u0131 ba\u011flam\u0131nda yapt\u0131\u011f\u0131 bir konu\u015fmada, \u2018\u2019ABD&#8217;nin abluka, Suriye topraklar\u0131n\u0131n baz\u0131 k\u0131s\u0131mlar\u0131n\u0131 i\u015fgal ve petrol ve do\u011fal kaynaklar\u0131 ya\u011fmalama anlam\u0131nda yapt\u0131\u011f\u0131 \u015fey, Suriye ve halk\u0131 \u00fczerinde umutsuz bir bask\u0131 kurma giri\u015fimidir \u2018\u2019 diyerek, bu ablukan\u0131n insanl\u0131\u011fa kar\u015f\u0131 bir su\u00e7 ve uluslararas\u0131 hukuk ve geleneklerin a\u00e7\u0131k bir ihlali oldu\u011funu ve Siyonist varl\u0131\u011f\u0131n ama\u00e7 ve planlar\u0131na hizmet etti\u011fini vurgulad\u0131.<\/p>\n<p>Haf\u0131z ayr\u0131ca, Suriye&#8217;ye y\u00f6nelik ku\u015fatmay\u0131 ve tek tarafl\u0131 zorlay\u0131c\u0131 ekonomik \u00f6nlemleri reddeden Arap ulusal s\u00f6yleminin, Filistin davas\u0131n\u0131 destekleyen s\u00f6ylemden ayr\u0131lamaz hale getirilmesi gereklili\u011fi \u00e7a\u011fr\u0131s\u0131nda bulunurken, Arap d\u00fcnyas\u0131n\u0131n \u00e7e\u015fitli \u00fclkelerinde vatanda\u015flar\u0131 Suriye&#8217;ye uygulanan ablukay\u0131 ve haks\u0131z \u00f6nlemleri reddetmeye motive edecek ve hukuki d\u00fczeyde \u00e7at\u0131\u015fma seviyesini y\u00fckseltecek komiteler kurulmas\u0131 gerekti\u011fini vurgulad\u0131.<\/p>\n<p>&nbsp;<\/p>\n<p>R.M.<\/p>\n<p><a href=\"https:\/\/t.me\/SuriyeArapHaberAjansI\">Telegram Kanal\u0131m\u0131z\u00a0<\/a><\/p>\n<p><span style=\"color: #0000ff;\"><a style=\"color: #0000ff;\" href=\"https:\/\/www.facebook.com\/SANAHaberAjansi\/\">Facebook Sayfam\u0131z<\/a><\/span><\/p>\n","protected":false},"excerpt":{"rendered":"<p>BEYRUT &#8211; Ara\u015ft\u0131rmac\u0131, politik iktisat\u00e7\u0131 ve Arap Ulusal Kongresi eski Genel Sekreteri Dr. Ziyad Haf\u0131z, Suriye&#8217;nin ba\u011f\u0131ms\u0131zl\u0131\u011f\u0131n\u0131 ve pan-Arap yakla\u015f\u0131m\u0131n\u0131 baltalamaya \u00e7al\u0131\u015fanlar i\u00e7in a\u015f\u0131lmaz oldu\u011funu ve \u00f6yle kalaca\u011f\u0131n\u0131 vurgulad\u0131. Haf\u0131z, Suriye \u00fczerindeki ku\u015fatmay\u0131 kald\u0131rmaya y\u00f6nelik Arap ve uluslararas\u0131 halk kampanyas\u0131 ba\u011flam\u0131nda yapt\u0131\u011f\u0131 bir konu\u015fmada, \u2018\u2019ABD&#8217;nin abluka, Suriye topraklar\u0131n\u0131n baz\u0131 k\u0131s\u0131mlar\u0131n\u0131 i\u015fgal ve petrol ve do\u011fal &hellip;<\/p>\n","protected":false},"author":41,"featured_media":271285,"comment_status":"closed","ping_status":"closed","sticky":false,"template":"","format":"standard","meta":{"footnotes":""},"categories":[458,459,17988],"tags":[],"class_list":["post-271284","post","type-post","status-publish","format-standard","has-post-thumbnail","","category-dunya1","category-haberler-arap-uluslararasi-politika","category-son-haberler"],"_links":{"self":[{"href":"https:\/\/archive.sana.sy\/tr\/index.php?rest_route=\/wp\/v2\/posts\/271284","targetHints":{"allow":["GET"]}}],"collection":[{"href":"https:\/\/archive.sana.sy\/tr\/index.php?rest_route=\/wp\/v2\/posts"}],"about":[{"href":"https:\/\/archive.sana.sy\/tr\/index.php?rest_route=\/wp\/v2\/types\/post"}],"author":[{"embeddable":true,"href":"https:\/\/archive.sana.sy\/tr\/index.php?rest_route=\/wp\/v2\/users\/41"}],"replies":[{"embeddable":true,"href":"https:\/\/archive.sana.sy\/tr\/index.php?rest_route=%2Fwp%2Fv2%2Fcomments&post=271284"}],"version-history":[{"count":0,"href":"https:\/\/archive.sana.sy\/tr\/index.php?rest_route=\/wp\/v2\/posts\/271284\/revisions"}],"wp:featuredmedia":[{"embeddable":true,"href":"https:\/\/archive.sana.sy\/tr\/index.php?rest_route=\/wp\/v2\/media\/271285"}],"wp:attachment":[{"href":"https:\/\/archive.sana.sy\/tr\/index.php?rest_route=%2Fwp%2Fv2%2Fmedia&parent=271284"}],"wp:term":[{"taxonomy":"category","embeddable":true,"href":"https:\/\/archive.sana.sy\/tr\/index.php?rest_route=%2Fwp%2Fv2%2Fcategories&post=271284"},{"taxonomy":"post_tag","embeddable":true,"href":"https:\/\/archive.sana.sy\/tr\/index.php?rest_route=%2Fwp%2Fv2%2Ftags&post=271284"}],"curies":[{"name":"wp","href":"https:\/\/api.w.org\/{rel}","templated":true}]}}