{"id":271289,"date":"2023-01-16T13:10:24","date_gmt":"2023-01-16T11:10:24","guid":{"rendered":"http:\/\/107.6.182.27\/tr\/?p=271289"},"modified":"2023-01-17T07:29:58","modified_gmt":"2023-01-17T05:29:58","slug":"modern-bir-rus-stratejik-bombardiman-ucagi-sistemleri-test-etmek-icin-bir-test-ucusu-gerceklestirdi","status":"publish","type":"post","link":"https:\/\/archive.sana.sy\/tr\/?p=271289","title":{"rendered":"Modern Bir Rus Stratejik Bombard\u0131man U\u00e7a\u011f\u0131, Sistemleri Test Etmek \u0130\u00e7in Bir test U\u00e7u\u015fu Ger\u00e7ekle\u015ftirdi"},"content":{"rendered":"<p><strong>MOSKOVA \u2013 <\/strong>Rus Birle\u015fik U\u00e7ak \u015eirketi, Tu-95MSM stratejik bombard\u0131man u\u00e7a\u011f\u0131n\u0131n, u\u00e7aktaki sistem ve ekipmanlar\u0131n kontrol edildi\u011fi bir test u\u00e7u\u015fu ger\u00e7ekle\u015ftirdi\u011fini duyurdu.<\/p>\n<p>Sputnik, \u015firketten yapt\u0131\u011f\u0131 a\u00e7\u0131klamada, \u2018\u2019A\u011f\u0131r modernize edilmi\u015f bombard\u0131man u\u00e7a\u011f\u0131na test program\u0131 kapsam\u0131nda radikal de\u011fi\u015fiklikler eklenerek test u\u00e7u\u015fu ger\u00e7ekle\u015ftirildi ve u\u00e7u\u015f s\u0131ras\u0131nda gerekli sistem ve ekipman kontrolleri de yap\u0131ld\u0131\u2019\u2019 ifadeleri aktard\u0131.<\/p>\n<p>Ba\u015flat\u0131c\u0131da yap\u0131lan di\u011fer iyile\u015ftirmeler, i\u015fini verimli ve g\u00fcvenilir bir \u015fekilde ger\u00e7ekle\u015ftirmesini sa\u011flar.<\/p>\n<p>&nbsp;<\/p>\n<p>R.M.<\/p>\n<p><a href=\"https:\/\/t.me\/SuriyeArapHaberAjansI\">Telegram Kanal\u0131m\u0131z\u00a0<\/a><\/p>\n<p><span style=\"color: #0000ff;\"><a style=\"color: #0000ff;\" href=\"https:\/\/www.facebook.com\/SANAHaberAjansi\/\">Facebook Sayfam\u0131z<\/a><\/span><\/p>\n","protected":false},"excerpt":{"rendered":"<p>MOSKOVA \u2013 Rus Birle\u015fik U\u00e7ak \u015eirketi, Tu-95MSM stratejik bombard\u0131man u\u00e7a\u011f\u0131n\u0131n, u\u00e7aktaki sistem ve ekipmanlar\u0131n kontrol edildi\u011fi bir test u\u00e7u\u015fu ger\u00e7ekle\u015ftirdi\u011fini duyurdu. Sputnik, \u015firketten yapt\u0131\u011f\u0131 a\u00e7\u0131klamada, \u2018\u2019A\u011f\u0131r modernize edilmi\u015f bombard\u0131man u\u00e7a\u011f\u0131na test program\u0131 kapsam\u0131nda radikal de\u011fi\u015fiklikler eklenerek test u\u00e7u\u015fu ger\u00e7ekle\u015ftirildi ve u\u00e7u\u015f s\u0131ras\u0131nda gerekli sistem ve ekipman kontrolleri de yap\u0131ld\u0131\u2019\u2019 ifadeleri aktard\u0131. Ba\u015flat\u0131c\u0131da yap\u0131lan di\u011fer iyile\u015ftirmeler, &hellip;<\/p>\n","protected":false},"author":41,"featured_media":271290,"comment_status":"closed","ping_status":"closed","sticky":false,"template":"","format":"standard","meta":{"footnotes":""},"categories":[458,459,17988],"tags":[],"class_list":["post-271289","post","type-post","status-publish","format-standard","has-post-thumbnail","","category-dunya1","category-haberler-arap-uluslararasi-politika","category-son-haberler"],"_links":{"self":[{"href":"https:\/\/archive.sana.sy\/tr\/index.php?rest_route=\/wp\/v2\/posts\/271289","targetHints":{"allow":["GET"]}}],"collection":[{"href":"https:\/\/archive.sana.sy\/tr\/index.php?rest_route=\/wp\/v2\/posts"}],"about":[{"href":"https:\/\/archive.sana.sy\/tr\/index.php?rest_route=\/wp\/v2\/types\/post"}],"author":[{"embeddable":true,"href":"https:\/\/archive.sana.sy\/tr\/index.php?rest_route=\/wp\/v2\/users\/41"}],"replies":[{"embeddable":true,"href":"https:\/\/archive.sana.sy\/tr\/index.php?rest_route=%2Fwp%2Fv2%2Fcomments&post=271289"}],"version-history":[{"count":0,"href":"https:\/\/archive.sana.sy\/tr\/index.php?rest_route=\/wp\/v2\/posts\/271289\/revisions"}],"wp:featuredmedia":[{"embeddable":true,"href":"https:\/\/archive.sana.sy\/tr\/index.php?rest_route=\/wp\/v2\/media\/271290"}],"wp:attachment":[{"href":"https:\/\/archive.sana.sy\/tr\/index.php?rest_route=%2Fwp%2Fv2%2Fmedia&parent=271289"}],"wp:term":[{"taxonomy":"category","embeddable":true,"href":"https:\/\/archive.sana.sy\/tr\/index.php?rest_route=%2Fwp%2Fv2%2Fcategories&post=271289"},{"taxonomy":"post_tag","embeddable":true,"href":"https:\/\/archive.sana.sy\/tr\/index.php?rest_route=%2Fwp%2Fv2%2Ftags&post=271289"}],"curies":[{"name":"wp","href":"https:\/\/api.w.org\/{rel}","templated":true}]}}