{"id":271294,"date":"2023-01-16T15:03:38","date_gmt":"2023-01-16T13:03:38","guid":{"rendered":"http:\/\/107.6.182.27\/tr\/?p=271294"},"modified":"2023-01-18T07:15:43","modified_gmt":"2023-01-18T05:15:43","slug":"suriye-abd-yonetiminin-saglik-sektorunu-bir-kez-daha-hedef-almasini-kinadi-ve-bu-uygulamalara-son-verilmesi-icin-acil-uluslararasi-eylem-cagrisinda-bulundu","status":"publish","type":"post","link":"https:\/\/archive.sana.sy\/tr\/?p=271294","title":{"rendered":"Suriye, ABD Y\u00f6netiminin Sa\u011fl\u0131k Sekt\u00f6r\u00fcn\u00fc Bir Kez Daha hedef Almas\u0131n\u0131 K\u0131nad\u0131"},"content":{"rendered":"<p><strong>\u015eAM<\/strong> \u2013 Suriye, ABD y\u00f6netiminin Suriye&#8217;de sa\u011fl\u0131k sekt\u00f6r\u00fcn\u00fc hedef almas\u0131n\u0131 bir kez daha en g\u00fc\u00e7l\u00fc \u015fekilde k\u0131nayarak, yeni Amerikan insanl\u0131k d\u0131\u015f\u0131 yapt\u0131rmlar\u0131n\u0131n, Suriye halk\u0131na dayatt\u0131\u011f\u0131 yasad\u0131\u015f\u0131 ve ahlaks\u0131z abluka ba\u011flam\u0131nda yer ald\u0131\u011f\u0131n\u0131\u00a0 ve d\u00fc\u015fmanca uygulamalara son vermek i\u00e7in acil uluslararas\u0131 eylem \u00e7a\u011fr\u0131s\u0131nda bulundu\u011funu \u00a0vurgulad\u0131.<\/p>\n<p>D\u0131\u015fi\u015fleri ve Gurbet\u00e7iler Bakanl\u0131\u011f\u0131, SANA&#8217;ya bug\u00fcn bir n\u00fcshas\u0131n\u0131n ula\u015ft\u0131\u011f\u0131 a\u00e7\u0131klamada, \u2018\u2019Suriye Arap Cumhuriyeti, \u00c7ok say\u0131da Suriye kamu ve \u00f6zel hastanesine ekipman sat\u0131\u015f\u0131na veya hizmet, destek veya yedek par\u00e7a sa\u011flanmas\u0131na izin verilmesine ek k\u0131s\u0131tlamalar getirmesi arac\u0131l\u0131\u011f\u0131yla ABD y\u00f6netimi ve ABD Ticaret Bakanl\u0131\u011f\u0131&#8217;n\u0131n s\u00f6zde Sanayi ve G\u00fcvenlik B\u00fcrosu (BIS) taraf\u0131ndan Suriye&#8217;deki sa\u011fl\u0131k sekt\u00f6r\u00fcn\u00fcn yeniden hedef al\u0131nmas\u0131n\u0131 en g\u00fc\u00e7l\u00fc ifadelerle k\u0131n\u0131yor\u2019\u2019 dedi.<\/p>\n<p>Bakanl\u0131k a\u00e7\u0131klamas\u0131nda, \u2018\u2019Bu yeni insanl\u0131k d\u0131\u015f\u0131 yapt\u0131r\u0131mlar, yasad\u0131\u015f\u0131 tek tarafl\u0131 zorlay\u0131c\u0131 \u00f6nlemler ve Amerika Birle\u015fik Devletleri&#8217;nin Suriye halk\u0131na uygulad\u0131\u011f\u0131 yasad\u0131\u015f\u0131 ve ahlaks\u0131z abluka ba\u011flam\u0131na giriyor. Bu yapt\u0131r\u0131mlardam insani ama\u00e7l\u0131 istisnalar\u0131n varl\u0131\u011f\u0131na dair ABD y\u00f6netiminin \u00f6ne s\u00fcrd\u00fc\u011f\u00fc iddialar\u0131n ge\u00e7ersizli\u011fini bir kez daha vurguluyor\u2019\u2019 ifadelerini s\u00f6zlerine ekledi.<\/p>\n<p>Bakanl\u0131k ayr\u0131ca, \u00fcniversite \u00c7ocuk Hastanesi de dahil olmak \u00fczere milyonlarca Suriyeliye sa\u011fl\u0131k hizmeti sunan hastaneleri hedef alarak, Suriye halk\u0131 i\u00e7in toplu bir cezaland\u0131rma ve uluslararas\u0131 hukuk, uluslararas\u0131 insanc\u0131l hukuk ve uluslararas\u0131 insan haklar\u0131 hukuku h\u00fck\u00fcmlerinin alenen ihlalini temsil eden ve Suriye h\u00fck\u00fcmetinin ve uluslararas\u0131 insani yard\u0131m ortaklar\u0131n\u0131n ya\u015fam ko\u015fullar\u0131n\u0131 iyile\u015ftirme ve Suriyelilere sa\u011fl\u0131k hizmeti sa\u011flama \u00e7abalar\u0131n\u0131 engelleyen bu d\u00fc\u015fmanca uygulamalara son vermek i\u00e7in Birle\u015fmi\u015f Milletler, D\u00fcnya Sa\u011fl\u0131k \u00d6rg\u00fct\u00fc ve Uluslararas\u0131 K\u0131z\u0131lha\u00e7 Komitesi&#8217;ne acil eylem \u00e7a\u011fr\u0131s\u0131nda bulundu.<\/p>\n<p>R.M.<\/p>\n<p><a href=\"https:\/\/t.me\/SuriyeArapHaberAjansI\">Telegram Kanal\u0131m\u0131z\u00a0<\/a><\/p>\n<p><a href=\"https:\/\/www.facebook.com\/SANAHaberAjansi\/\">Facebook Sayfam\u0131z<\/a><\/p>\n","protected":false},"excerpt":{"rendered":"<p>\u015eAM \u2013 Suriye, ABD y\u00f6netiminin Suriye&#8217;de sa\u011fl\u0131k sekt\u00f6r\u00fcn\u00fc hedef almas\u0131n\u0131 bir kez daha en g\u00fc\u00e7l\u00fc \u015fekilde k\u0131nayarak, yeni Amerikan insanl\u0131k d\u0131\u015f\u0131 yapt\u0131rmlar\u0131n\u0131n, Suriye halk\u0131na dayatt\u0131\u011f\u0131 yasad\u0131\u015f\u0131 ve ahlaks\u0131z abluka ba\u011flam\u0131nda yer ald\u0131\u011f\u0131n\u0131\u00a0 ve d\u00fc\u015fmanca uygulamalara son vermek i\u00e7in acil uluslararas\u0131 eylem \u00e7a\u011fr\u0131s\u0131nda bulundu\u011funu \u00a0vurgulad\u0131. D\u0131\u015fi\u015fleri ve Gurbet\u00e7iler Bakanl\u0131\u011f\u0131, SANA&#8217;ya bug\u00fcn bir n\u00fcshas\u0131n\u0131n ula\u015ft\u0131\u011f\u0131 a\u00e7\u0131klamada, \u2018\u2019Suriye &hellip;<\/p>\n","protected":false},"author":41,"featured_media":271295,"comment_status":"closed","ping_status":"closed","sticky":false,"template":"","format":"standard","meta":{"footnotes":""},"categories":[479,17988,478],"tags":[],"class_list":["post-271294","post","type-post","status-publish","format-standard","has-post-thumbnail","","category-haberler-yerel","category-son-haberler","category-yerel"],"_links":{"self":[{"href":"https:\/\/archive.sana.sy\/tr\/index.php?rest_route=\/wp\/v2\/posts\/271294","targetHints":{"allow":["GET"]}}],"collection":[{"href":"https:\/\/archive.sana.sy\/tr\/index.php?rest_route=\/wp\/v2\/posts"}],"about":[{"href":"https:\/\/archive.sana.sy\/tr\/index.php?rest_route=\/wp\/v2\/types\/post"}],"author":[{"embeddable":true,"href":"https:\/\/archive.sana.sy\/tr\/index.php?rest_route=\/wp\/v2\/users\/41"}],"replies":[{"embeddable":true,"href":"https:\/\/archive.sana.sy\/tr\/index.php?rest_route=%2Fwp%2Fv2%2Fcomments&post=271294"}],"version-history":[{"count":0,"href":"https:\/\/archive.sana.sy\/tr\/index.php?rest_route=\/wp\/v2\/posts\/271294\/revisions"}],"wp:featuredmedia":[{"embeddable":true,"href":"https:\/\/archive.sana.sy\/tr\/index.php?rest_route=\/wp\/v2\/media\/271295"}],"wp:attachment":[{"href":"https:\/\/archive.sana.sy\/tr\/index.php?rest_route=%2Fwp%2Fv2%2Fmedia&parent=271294"}],"wp:term":[{"taxonomy":"category","embeddable":true,"href":"https:\/\/archive.sana.sy\/tr\/index.php?rest_route=%2Fwp%2Fv2%2Fcategories&post=271294"},{"taxonomy":"post_tag","embeddable":true,"href":"https:\/\/archive.sana.sy\/tr\/index.php?rest_route=%2Fwp%2Fv2%2Ftags&post=271294"}],"curies":[{"name":"wp","href":"https:\/\/api.w.org\/{rel}","templated":true}]}}