{"id":271298,"date":"2023-01-16T15:19:49","date_gmt":"2023-01-16T13:19:49","guid":{"rendered":"http:\/\/107.6.182.27\/tr\/?p=271298"},"modified":"2023-01-16T15:19:49","modified_gmt":"2023-01-16T13:19:49","slug":"disisleri-ve-gurbetciler-bakanligi-suriye-nepalin-merkezindeki-pokhara-sehrinde-dusen-yolcu-ucagi-kurbanlari-icin-dost-nepal-cumhuriyeti-halkina-ve-hukumetine-taziyelerini-sunar-ve-elim-kazada-nep","status":"publish","type":"post","link":"https:\/\/archive.sana.sy\/tr\/?p=271298","title":{"rendered":"D\u0131\u015fi\u015fleri ve Gurbet\u00e7iler Bakanl\u0131\u011f\u0131: Suriye, Nepal&#8217;in merkezindeki Pokhara \u015fehrinde d\u00fc\u015fen yolcu u\u00e7a\u011f\u0131 kurbanlar\u0131 i\u00e7in dost Nepal Cumhuriyeti halk\u0131na ve h\u00fck\u00fcmetine taziyelerini sunar ve elim kazada Nepal halk\u0131 ve kurbanlar\u0131n aileleriyle dayan\u0131\u015fmas\u0131n\u0131 vurgular"},"content":{"rendered":"","protected":false},"excerpt":{"rendered":"","protected":false},"author":41,"featured_media":0,"comment_status":"closed","ping_status":"closed","sticky":false,"template":"","format":"standard","meta":{"footnotes":""},"categories":[17991],"tags":[],"class_list":["post-271298","post","type-post","status-publish","format-standard","","category-son-dakika"],"_links":{"self":[{"href":"https:\/\/archive.sana.sy\/tr\/index.php?rest_route=\/wp\/v2\/posts\/271298","targetHints":{"allow":["GET"]}}],"collection":[{"href":"https:\/\/archive.sana.sy\/tr\/index.php?rest_route=\/wp\/v2\/posts"}],"about":[{"href":"https:\/\/archive.sana.sy\/tr\/index.php?rest_route=\/wp\/v2\/types\/post"}],"author":[{"embeddable":true,"href":"https:\/\/archive.sana.sy\/tr\/index.php?rest_route=\/wp\/v2\/users\/41"}],"replies":[{"embeddable":true,"href":"https:\/\/archive.sana.sy\/tr\/index.php?rest_route=%2Fwp%2Fv2%2Fcomments&post=271298"}],"version-history":[{"count":0,"href":"https:\/\/archive.sana.sy\/tr\/index.php?rest_route=\/wp\/v2\/posts\/271298\/revisions"}],"wp:attachment":[{"href":"https:\/\/archive.sana.sy\/tr\/index.php?rest_route=%2Fwp%2Fv2%2Fmedia&parent=271298"}],"wp:term":[{"taxonomy":"category","embeddable":true,"href":"https:\/\/archive.sana.sy\/tr\/index.php?rest_route=%2Fwp%2Fv2%2Fcategories&post=271298"},{"taxonomy":"post_tag","embeddable":true,"href":"https:\/\/archive.sana.sy\/tr\/index.php?rest_route=%2Fwp%2Fv2%2Ftags&post=271298"}],"curies":[{"name":"wp","href":"https:\/\/api.w.org\/{rel}","templated":true}]}}