{"id":271300,"date":"2023-01-16T15:33:26","date_gmt":"2023-01-16T13:33:26","guid":{"rendered":"http:\/\/107.6.182.27\/tr\/?p=271300"},"modified":"2023-01-17T07:25:20","modified_gmt":"2023-01-17T05:25:20","slug":"tarim-bakani-misirli-bir-heyet-ile-ortak-isbirliginin-gelistirilmesini-gorustu","status":"publish","type":"post","link":"https:\/\/archive.sana.sy\/tr\/?p=271300","title":{"rendered":"Tar\u0131m Bakan\u0131 M\u0131s\u0131rl\u0131 Bir Heyet \u0130le Ortak \u0130\u015fbirli\u011finin Geli\u015ftirilmesini Masaya Yat\u0131rd\u0131"},"content":{"rendered":"<p><strong>\u015eAM<\/strong> &#8211; Tar\u0131m Bakan\u0131 Muhammad Hassan Katana, Tar\u0131m ve M\u0131s\u0131r Arazi Islah\u0131 \u0130\u015f\u00e7ileri Genel Sendikas\u0131 Genel Ba\u015fkan Yard\u0131mc\u0131s\u0131 Abdulfattah Seyid Ahmad ve beraberindeki heyet ile iki \u00fclke aras\u0131ndaki tar\u0131msal ili\u015fkilerin ve i\u015fbirli\u011finin iki \u00fclkenin tar\u0131m sekt\u00f6r\u00fcne hizmet edecek \u015fekilde geli\u015ftirilmesini masaya yat\u0131rd\u0131.<\/p>\n<p>Katana, \u00a0Suriye&#8217;deki tar\u0131m\u0131n ger\u00e7eklerini ve \u00f6nceki y\u0131llarda \u00e7ift\u00e7ilerin kar\u015f\u0131la\u015ft\u0131\u011f\u0131 zorluklar\u0131 g\u00f6zden ge\u00e7irerek, Suriyeli \u00e7ift\u00e7inin ya\u015fad\u0131\u011f\u0131 t\u00fcm ko\u015fullara ra\u011fmen topra\u011f\u0131n\u0131 terk etmedi\u011fini ve \u00e7ift\u00e7ili\u011fe devam etti\u011fini, \u00e7ift\u00e7inin arazisinde istikrar\u0131 sa\u011flamak amac\u0131yla tar\u0131m sekt\u00f6r\u00fcne devlet deste\u011finin s\u00fcrekli oldu\u011funu vurgulad\u0131.<\/p>\n<p>Tar\u0131m Bakan\u0131 Katana ay\u0131rca, tar\u0131m uygulamalar\u0131n\u0131n ve makinele\u015fmenin geli\u015ftirilmesinde ve iklim de\u011fi\u015fikli\u011fine uyum sa\u011flayan, verimlili\u011fi y\u00fcksek yeni \u00e7e\u015fitlerin tan\u0131t\u0131lmas\u0131nda i\u015fbirli\u011finin \u00f6nemine i\u015faret etti.<\/p>\n<p>M\u0131s\u0131r heyetinin ba\u015fkan\u0131 Abdulfattah Seyidahmed ise, Suriye ile ili\u015fkilerin g\u00fcc\u00fcn\u00fc ve her iki \u00fclkedeki tar\u0131m ve \u00e7ift\u00e7ilere fayda sa\u011flayacak \u015fekilde geli\u015ftirmenin \u00f6nemini vurgulad\u0131.<\/p>\n<p>Toplant\u0131ya K\u00f6yl\u00fcler Genel Birli\u011fi ba\u015fkan\u0131 Ahmed Salih \u0130brahim kat\u0131ld\u0131.<\/p>\n<p>&nbsp;<\/p>\n<p>R.M.<\/p>\n<p><a href=\"https:\/\/t.me\/SuriyeArapHaberAjansI\">Telegram Kanal\u0131m\u0131z\u00a0<\/a><\/p>\n<p><a href=\"https:\/\/www.facebook.com\/SANAHaberAjansi\/\">Facebook Sayfam\u0131z<\/a><\/p>\n","protected":false},"excerpt":{"rendered":"<p>\u015eAM &#8211; Tar\u0131m Bakan\u0131 Muhammad Hassan Katana, Tar\u0131m ve M\u0131s\u0131r Arazi Islah\u0131 \u0130\u015f\u00e7ileri Genel Sendikas\u0131 Genel Ba\u015fkan Yard\u0131mc\u0131s\u0131 Abdulfattah Seyid Ahmad ve beraberindeki heyet ile iki \u00fclke aras\u0131ndaki tar\u0131msal ili\u015fkilerin ve i\u015fbirli\u011finin iki \u00fclkenin tar\u0131m sekt\u00f6r\u00fcne hizmet edecek \u015fekilde geli\u015ftirilmesini masaya yat\u0131rd\u0131. Katana, \u00a0Suriye&#8217;deki tar\u0131m\u0131n ger\u00e7eklerini ve \u00f6nceki y\u0131llarda \u00e7ift\u00e7ilerin kar\u015f\u0131la\u015ft\u0131\u011f\u0131 zorluklar\u0131 g\u00f6zden ge\u00e7irerek, Suriyeli &hellip;<\/p>\n","protected":false},"author":41,"featured_media":271301,"comment_status":"closed","ping_status":"closed","sticky":false,"template":"","format":"standard","meta":{"footnotes":""},"categories":[485,479,486,17988,478],"tags":[],"class_list":["post-271300","post","type-post","status-publish","format-standard","has-post-thumbnail","","category-is-ve-sermaye","category-haberler-yerel","category-haberler-is-ve-sermaye","category-son-haberler","category-yerel"],"_links":{"self":[{"href":"https:\/\/archive.sana.sy\/tr\/index.php?rest_route=\/wp\/v2\/posts\/271300","targetHints":{"allow":["GET"]}}],"collection":[{"href":"https:\/\/archive.sana.sy\/tr\/index.php?rest_route=\/wp\/v2\/posts"}],"about":[{"href":"https:\/\/archive.sana.sy\/tr\/index.php?rest_route=\/wp\/v2\/types\/post"}],"author":[{"embeddable":true,"href":"https:\/\/archive.sana.sy\/tr\/index.php?rest_route=\/wp\/v2\/users\/41"}],"replies":[{"embeddable":true,"href":"https:\/\/archive.sana.sy\/tr\/index.php?rest_route=%2Fwp%2Fv2%2Fcomments&post=271300"}],"version-history":[{"count":0,"href":"https:\/\/archive.sana.sy\/tr\/index.php?rest_route=\/wp\/v2\/posts\/271300\/revisions"}],"wp:featuredmedia":[{"embeddable":true,"href":"https:\/\/archive.sana.sy\/tr\/index.php?rest_route=\/wp\/v2\/media\/271301"}],"wp:attachment":[{"href":"https:\/\/archive.sana.sy\/tr\/index.php?rest_route=%2Fwp%2Fv2%2Fmedia&parent=271300"}],"wp:term":[{"taxonomy":"category","embeddable":true,"href":"https:\/\/archive.sana.sy\/tr\/index.php?rest_route=%2Fwp%2Fv2%2Fcategories&post=271300"},{"taxonomy":"post_tag","embeddable":true,"href":"https:\/\/archive.sana.sy\/tr\/index.php?rest_route=%2Fwp%2Fv2%2Ftags&post=271300"}],"curies":[{"name":"wp","href":"https:\/\/api.w.org\/{rel}","templated":true}]}}