{"id":27143,"date":"2015-03-21T19:23:44","date_gmt":"2015-03-21T17:23:44","guid":{"rendered":"http:\/\/www.sana.sy\/tr\/?p=27143"},"modified":"2015-03-21T17:39:13","modified_gmt":"2015-03-21T15:39:13","slug":"umudumuz-dunya-ve-bolgede-istikrarin-saglanmasidir","status":"publish","type":"post","link":"https:\/\/archive.sana.sy\/tr\/?p=27143","title":{"rendered":"Umudumuz D\u00fcnya ve B\u00f6lgede \u0130stikrar\u0131n Sa\u011flanmas\u0131d\u0131r"},"content":{"rendered":"<p>TAHRAN &#8211; \u0130ran \u0130slam devrim lideri Ayetullah Seyyid Ali Haminei, \u0130ran\u2019\u0131n b\u00f6lgesel ve uluslararas\u0131 g\u00fcc\u00fcn\u00fc peki\u015ftirmek ve ekonomik kalk\u0131nman\u0131n sa\u011flanmas\u0131 yan\u0131 s\u0131ra \u0130ran\u2019\u0131n yeni y\u0131l\u0131nda \u00fcst\u00fcn bilimsel ba\u015far\u0131lar\u0131n at\u0131lmas\u0131na \u00e7a\u011fr\u0131 yapt\u0131.<\/p>\n<p>Haminei, \u0130ran yeni y\u0131l\u0131 m\u00fcnasebetiyle yapt\u0131\u011f\u0131 konu\u015fmada, \u0130ran\u2019\u0131n b\u00fcy\u00fck imkanlar\u0131na i\u015faret ederek, ge\u00e7en y\u0131l\u0131n dahili ve uluslararas\u0131 alanda b\u00fcy\u00fck olaylara ve geli\u015fmlerle dolu oldu\u011funu, meydan okumalara tan\u0131k olduklar\u0131n\u0131 ve b\u00fcy\u00fck ilerleme ve geli\u015fmeler kaydettiklerini s\u00f6yledi.<\/p>\n<p>Kendi y\u00f6n\u00fcnden \u0130ran Ba\u015fkan\u0131 Hasan Ruhani, \u00fclkesinin ter\u00f6r ve ter\u00f6rist \u00f6rg\u00fctlerle m\u00fccadelede dostlar\u0131 ve karde\u015flerine yard\u0131mda bulunduklar\u0131n\u0131 belirterek, d\u00fcnya istikrar\u0131n\u0131n sa\u011flanmas\u0131,\u00a0 b\u00f6lge \u00fclkelerinde istikrar\u0131n sa\u011flanmas\u0131 ve \u0130ran halk\u0131n\u0131n yeni y\u0131lda daha fazla zaferler sa\u011flamas\u0131 umutlar\u0131n\u0131 dile getirdi.<\/p>\n<p>S.\u015e.<\/p>\n","protected":false},"excerpt":{"rendered":"<p>TAHRAN &#8211; \u0130ran \u0130slam devrim lideri Ayetullah Seyyid Ali Haminei, \u0130ran\u2019\u0131n b\u00f6lgesel ve uluslararas\u0131 g\u00fcc\u00fcn\u00fc peki\u015ftirmek ve ekonomik kalk\u0131nman\u0131n sa\u011flanmas\u0131 yan\u0131 s\u0131ra \u0130ran\u2019\u0131n yeni y\u0131l\u0131nda \u00fcst\u00fcn bilimsel ba\u015far\u0131lar\u0131n at\u0131lmas\u0131na \u00e7a\u011fr\u0131 yapt\u0131. Haminei, \u0130ran yeni y\u0131l\u0131 m\u00fcnasebetiyle yapt\u0131\u011f\u0131 konu\u015fmada, \u0130ran\u2019\u0131n b\u00fcy\u00fck imkanlar\u0131na i\u015faret ederek, ge\u00e7en y\u0131l\u0131n dahili ve uluslararas\u0131 alanda b\u00fcy\u00fck olaylara ve geli\u015fmlerle dolu oldu\u011funu, &hellip;<\/p>\n","protected":false},"author":1,"featured_media":27144,"comment_status":"closed","ping_status":"closed","sticky":false,"template":"","format":"standard","meta":{"footnotes":""},"categories":[458,459,447],"tags":[12766,12765,12764],"class_list":["post-27143","post","type-post","status-publish","format-standard","has-post-thumbnail","","category-dunya1","category-haberler-arap-uluslararasi-politika","category-politika","tag-iranin-bolgesel-ve-uluslararasi-gucunu-pekistirmek-ve-ekonomik-kalkinmanin-saglanmasi-yani-sira-iranin-yeni-yilinda-ustun-bilimsel-basarilarin-atilmasina-cagri-yapti","tag-iranin-da-zaferlere-imza-atmasidir-tahran-iran-islam-devrim-lideri-ayetullah-seyyid-ali-haminei","tag-umudumuz-dunya-ve-bolgede-istikrarin-saglanmasi"],"_links":{"self":[{"href":"https:\/\/archive.sana.sy\/tr\/index.php?rest_route=\/wp\/v2\/posts\/27143","targetHints":{"allow":["GET"]}}],"collection":[{"href":"https:\/\/archive.sana.sy\/tr\/index.php?rest_route=\/wp\/v2\/posts"}],"about":[{"href":"https:\/\/archive.sana.sy\/tr\/index.php?rest_route=\/wp\/v2\/types\/post"}],"author":[{"embeddable":true,"href":"https:\/\/archive.sana.sy\/tr\/index.php?rest_route=\/wp\/v2\/users\/1"}],"replies":[{"embeddable":true,"href":"https:\/\/archive.sana.sy\/tr\/index.php?rest_route=%2Fwp%2Fv2%2Fcomments&post=27143"}],"version-history":[{"count":0,"href":"https:\/\/archive.sana.sy\/tr\/index.php?rest_route=\/wp\/v2\/posts\/27143\/revisions"}],"wp:featuredmedia":[{"embeddable":true,"href":"https:\/\/archive.sana.sy\/tr\/index.php?rest_route=\/wp\/v2\/media\/27144"}],"wp:attachment":[{"href":"https:\/\/archive.sana.sy\/tr\/index.php?rest_route=%2Fwp%2Fv2%2Fmedia&parent=27143"}],"wp:term":[{"taxonomy":"category","embeddable":true,"href":"https:\/\/archive.sana.sy\/tr\/index.php?rest_route=%2Fwp%2Fv2%2Fcategories&post=27143"},{"taxonomy":"post_tag","embeddable":true,"href":"https:\/\/archive.sana.sy\/tr\/index.php?rest_route=%2Fwp%2Fv2%2Ftags&post=27143"}],"curies":[{"name":"wp","href":"https:\/\/api.w.org\/{rel}","templated":true}]}}