{"id":27147,"date":"2015-03-22T08:38:25","date_gmt":"2015-03-22T06:38:25","guid":{"rendered":"http:\/\/www.sana.sy\/tr\/?p=27147"},"modified":"2015-03-22T08:38:25","modified_gmt":"2015-03-22T06:38:25","slug":"yasanan-butun-acilara-ragmen-umudu-buyuttuler","status":"publish","type":"post","link":"https:\/\/archive.sana.sy\/tr\/?p=27147","title":{"rendered":"Ya\u015fanan B\u00fct\u00fcn Ac\u0131lara Ra\u011fmen Umudu B\u00fcy\u00fctt\u00fcler"},"content":{"rendered":"<p>\u015eAM \u2013 Ya\u015fad\u0131klar\u0131 b\u00fct\u00fcn ac\u0131lara ra\u011fmen Suriyeliler ba\u015fta Anneler ve Nevruz bayram\u0131 olmak \u00fczere b\u00fct\u00fcn geleneksel bayramlar\u0131n\u0131 lay\u0131k\u0131yla kutlamaya b\u00fcy\u00fck bir \u00f6zen ve \u0131srar sergiliyorlar.<\/p>\n<p>Her y\u0131l 21 Mart tarihinde kutlanan Anneler g\u00fcn\u00fc ve Nevruz bayram\u0131 Suriyelilerin umutlar\u0131n\u0131, birliklerini, mutluluklar\u0131n\u0131 ve co\u015fkular\u0131n\u0131 b\u00fcy\u00fctmeleri i\u00e7in bir f\u0131rsat te\u015fkil ediyor.<\/p>\n<p>Ba\u011fr\u0131 yanan Suriyeli annelerden Heda Hicar, Suriye\u2019nin kazanaca\u011f\u0131 zaferler y\u0131llard\u0131r ter\u00f6r\u00fcn ya\u015fatt\u0131\u011f\u0131 ac\u0131, y\u0131k\u0131m ve vah\u015fetin izlerini silece\u011fini ifade ederek evlatlar\u0131n\u0131 vatan u\u011fruna \u015fehit veren b\u00fct\u00fcn annelerin ac\u0131lar\u0131n\u0131 payla\u015ft\u0131\u011f\u0131n\u0131 belirtti.<\/p>\n<p>B\u00fct\u00fcn Suriyeli annelerin anneler g\u00fcn\u00fcn kutlayan \u00dcm Takala, evlatlar\u0131n\u0131 kaybeden annelere Allahtan sab\u0131r diledi.<\/p>\n<p>Ter\u00f6r g\u00f6lgesinde anneler g\u00fcn\u00fc kutlamalar\u0131n\u0131n her ne kadar h\u00fcz\u00fcnl\u00fc ve buruk olsa da umut ve co\u015fkuyla ge\u00e7ti\u011fine i\u015faret eden \u00dcm Takala, en de\u011ferli varl\u0131klar\u0131 olan evlatlar\u0131n\u0131 vatan\u0131n ba\u011f\u0131ms\u0131zl\u0131\u011f\u0131 ve selameti u\u011fruna feda eden b\u00fct\u00fcn annelerin anneler g\u00fcn\u00fc kutlad\u0131.<\/p>\n<p>Suriye&#8217;de her y\u0131l\u0131n 21 Mart g\u00fcn\u00fc kutlanan Anneler G\u00fcn\u00fc ve Nevruz Bayram\u0131 Suriyeliler i\u00e7in, kar\u015f\u0131l\u0131kl\u0131 ziyaretlerle birlik ve beraberliklerini b\u00fcy\u00fctt\u00fckleri \u00f6nemli bir m\u00fcnasebet te\u015fkil ediyor.<\/p>\n<p><a href=\"https:\/\/www.youtube.com\/watch?v=jpFDR6nl0tw\">https:\/\/www.youtube.com\/watch?v=jpFDR6nl0tw<\/a><\/p>\n<p>F.B. &#8211; R.H.<\/p>\n","protected":false},"excerpt":{"rendered":"<p>\u015eAM \u2013 Ya\u015fad\u0131klar\u0131 b\u00fct\u00fcn ac\u0131lara ra\u011fmen Suriyeliler ba\u015fta Anneler ve Nevruz bayram\u0131 olmak \u00fczere b\u00fct\u00fcn geleneksel bayramlar\u0131n\u0131 lay\u0131k\u0131yla kutlamaya b\u00fcy\u00fck bir \u00f6zen ve \u0131srar sergiliyorlar. Her y\u0131l 21 Mart tarihinde kutlanan Anneler g\u00fcn\u00fc ve Nevruz bayram\u0131 Suriyelilerin umutlar\u0131n\u0131, birliklerini, mutluluklar\u0131n\u0131 ve co\u015fkular\u0131n\u0131 b\u00fcy\u00fctmeleri i\u00e7in bir f\u0131rsat te\u015fkil ediyor. Ba\u011fr\u0131 yanan Suriyeli annelerden Heda Hicar, Suriye\u2019nin &hellip;<\/p>\n","protected":false},"author":1,"featured_media":27149,"comment_status":"closed","ping_status":"closed","sticky":false,"template":"","format":"standard","meta":{"footnotes":""},"categories":[1],"tags":[12768],"class_list":["post-27147","post","type-post","status-publish","format-standard","has-post-thumbnail","","category-news-not-sorted","tag-yasanan-butun-acilara-ragmen-umudu-buyuttuler-sam-yasadiklari-butun-acilara-ragmen-suriyeliler-basta-anneler-ve-nevruz-bayrami-olmak-uzere-butun-geleneksel-bayramlarini-layikiyla-kutlamaya-b"],"_links":{"self":[{"href":"https:\/\/archive.sana.sy\/tr\/index.php?rest_route=\/wp\/v2\/posts\/27147","targetHints":{"allow":["GET"]}}],"collection":[{"href":"https:\/\/archive.sana.sy\/tr\/index.php?rest_route=\/wp\/v2\/posts"}],"about":[{"href":"https:\/\/archive.sana.sy\/tr\/index.php?rest_route=\/wp\/v2\/types\/post"}],"author":[{"embeddable":true,"href":"https:\/\/archive.sana.sy\/tr\/index.php?rest_route=\/wp\/v2\/users\/1"}],"replies":[{"embeddable":true,"href":"https:\/\/archive.sana.sy\/tr\/index.php?rest_route=%2Fwp%2Fv2%2Fcomments&post=27147"}],"version-history":[{"count":0,"href":"https:\/\/archive.sana.sy\/tr\/index.php?rest_route=\/wp\/v2\/posts\/27147\/revisions"}],"wp:featuredmedia":[{"embeddable":true,"href":"https:\/\/archive.sana.sy\/tr\/index.php?rest_route=\/wp\/v2\/media\/27149"}],"wp:attachment":[{"href":"https:\/\/archive.sana.sy\/tr\/index.php?rest_route=%2Fwp%2Fv2%2Fmedia&parent=27147"}],"wp:term":[{"taxonomy":"category","embeddable":true,"href":"https:\/\/archive.sana.sy\/tr\/index.php?rest_route=%2Fwp%2Fv2%2Fcategories&post=27147"},{"taxonomy":"post_tag","embeddable":true,"href":"https:\/\/archive.sana.sy\/tr\/index.php?rest_route=%2Fwp%2Fv2%2Ftags&post=27147"}],"curies":[{"name":"wp","href":"https:\/\/api.w.org\/{rel}","templated":true}]}}