{"id":271511,"date":"2023-01-19T10:46:45","date_gmt":"2023-01-19T08:46:45","guid":{"rendered":"http:\/\/107.6.182.27\/tr\/?p=271511"},"modified":"2023-01-20T07:59:47","modified_gmt":"2023-01-20T05:59:47","slug":"saglik-bakanligi-korona-virusune-karsi-yogun-ulusal-asi-kampanyasini-baslatacak","status":"publish","type":"post","link":"https:\/\/archive.sana.sy\/tr\/?p=271511","title":{"rendered":"Sa\u011fl\u0131k Bakanl\u0131\u011f\u0131, Korona Vir\u00fcs\u00fcne Kar\u015f\u0131 Yo\u011fun Ulusal A\u015f\u0131 Kampanyas\u0131n\u0131 Ba\u015flatacak"},"content":{"rendered":"<p><strong>\u015eAM &#8211;<\/strong> Korona vir\u00fcs\u00fcn\u00fcn varyantlar\u0131ndan ve hastal\u0131\u011f\u0131n a\u011f\u0131r semptomlar\u0131ndan korunmak ve epidemiyolojik durumun istikrar\u0131n\u0131 korumak amac\u0131yla Sa\u011fl\u0131k Bakanl\u0131\u011f\u0131 \u00f6n\u00fcm\u00fczdeki Pazar g\u00fcn\u00fc Korona vir\u00fcs\u00fcne kar\u015f\u0131 yo\u011fun ulusal a\u015f\u0131lama kampanyas\u0131n\u0131 ba\u015flatacak ve 26 Ocak ay\u0131na kadar devam edecek.<\/p>\n<p>Bakanl\u0131k Temel Sa\u011fl\u0131k Hizmetleri M\u00fcd\u00fcr\u00fc Dr. Razan Tarabishi SANA muhabirine yapt\u0131\u011f\u0131 a\u00e7\u0131klamada, kampanyan\u0131n do\u011frudan kampanya i\u00e7in belirlenen hastanelere ve merkezlere giderek 18 ya\u015f \u00fcst\u00fc ki\u015fileri hedefledi\u011fi ve bir dizi gezici ekiple en fazla ki\u015fiye ula\u015fmay\u0131 sa\u011flad\u0131\u011f\u0131 belirtti.<\/p>\n<p><a href=\"https:\/\/t.me\/SuriyeArapHaberAjansI\">Telegram Kanal\u0131m\u0131z\u00a0<\/a><\/p>\n<p><a href=\"https:\/\/www.facebook.com\/SANAHaberAjansi\/\">Facebook Sayfam\u0131z<\/a><\/p>\n","protected":false},"excerpt":{"rendered":"<p>\u015eAM &#8211; Korona vir\u00fcs\u00fcn\u00fcn varyantlar\u0131ndan ve hastal\u0131\u011f\u0131n a\u011f\u0131r semptomlar\u0131ndan korunmak ve epidemiyolojik durumun istikrar\u0131n\u0131 korumak amac\u0131yla Sa\u011fl\u0131k Bakanl\u0131\u011f\u0131 \u00f6n\u00fcm\u00fczdeki Pazar g\u00fcn\u00fc Korona vir\u00fcs\u00fcne kar\u015f\u0131 yo\u011fun ulusal a\u015f\u0131lama kampanyas\u0131n\u0131 ba\u015flatacak ve 26 Ocak ay\u0131na kadar devam edecek. Bakanl\u0131k Temel Sa\u011fl\u0131k Hizmetleri M\u00fcd\u00fcr\u00fc Dr. Razan Tarabishi SANA muhabirine yapt\u0131\u011f\u0131 a\u00e7\u0131klamada, kampanyan\u0131n do\u011frudan kampanya i\u00e7in belirlenen hastanelere ve &hellip;<\/p>\n","protected":false},"author":36,"featured_media":271512,"comment_status":"closed","ping_status":"closed","sticky":false,"template":"","format":"standard","meta":{"footnotes":""},"categories":[526,479,17988,525,478],"tags":[],"class_list":["post-271511","post","type-post","status-publish","format-standard","has-post-thumbnail","","category-haber-ve-raporlar","category-haberler-yerel","category-son-haberler","category-toplum","category-yerel"],"_links":{"self":[{"href":"https:\/\/archive.sana.sy\/tr\/index.php?rest_route=\/wp\/v2\/posts\/271511","targetHints":{"allow":["GET"]}}],"collection":[{"href":"https:\/\/archive.sana.sy\/tr\/index.php?rest_route=\/wp\/v2\/posts"}],"about":[{"href":"https:\/\/archive.sana.sy\/tr\/index.php?rest_route=\/wp\/v2\/types\/post"}],"author":[{"embeddable":true,"href":"https:\/\/archive.sana.sy\/tr\/index.php?rest_route=\/wp\/v2\/users\/36"}],"replies":[{"embeddable":true,"href":"https:\/\/archive.sana.sy\/tr\/index.php?rest_route=%2Fwp%2Fv2%2Fcomments&post=271511"}],"version-history":[{"count":0,"href":"https:\/\/archive.sana.sy\/tr\/index.php?rest_route=\/wp\/v2\/posts\/271511\/revisions"}],"wp:featuredmedia":[{"embeddable":true,"href":"https:\/\/archive.sana.sy\/tr\/index.php?rest_route=\/wp\/v2\/media\/271512"}],"wp:attachment":[{"href":"https:\/\/archive.sana.sy\/tr\/index.php?rest_route=%2Fwp%2Fv2%2Fmedia&parent=271511"}],"wp:term":[{"taxonomy":"category","embeddable":true,"href":"https:\/\/archive.sana.sy\/tr\/index.php?rest_route=%2Fwp%2Fv2%2Fcategories&post=271511"},{"taxonomy":"post_tag","embeddable":true,"href":"https:\/\/archive.sana.sy\/tr\/index.php?rest_route=%2Fwp%2Fv2%2Ftags&post=271511"}],"curies":[{"name":"wp","href":"https:\/\/api.w.org\/{rel}","templated":true}]}}