{"id":27152,"date":"2015-03-22T09:27:49","date_gmt":"2015-03-22T07:27:49","guid":{"rendered":"http:\/\/www.sana.sy\/tr\/?p=27152"},"modified":"2015-03-22T12:53:45","modified_gmt":"2015-03-22T10:53:45","slug":"vefa-ozveri-ve-comertligin-timsali-olan-annelerin-onuruna-toren-duzenlendi","status":"publish","type":"post","link":"https:\/\/archive.sana.sy\/tr\/?p=27152","title":{"rendered":"Vefa \u00d6zveri ve C\u00f6mertli\u011fin Timsali Olan Annelerin Onuruna T\u00f6ren D\u00fczenlendi"},"content":{"rendered":"<p>\u015eAM \u2013 \u015eam Valili\u011fi Meclisi Toplumsal ve K\u00fclt\u00fcr Faaliyetler Komisyonu, anneler g\u00fcn\u00fc m\u00fcnasebetiyle Zablatani ve Mezze semtlerinde annelerin onuruna bir etkinlik d\u00fczenledi.<\/p>\n<p>Etkinliklerde bu anlaml\u0131 kutlama nedeniyle valili\u011fe te\u015fekk\u00fcrlerini sunan anneler, anneler g\u00fcn\u00fcn\u00fcn bar\u0131\u015f, huzur ve karde\u015flik ortam\u0131nda kutlanaca\u011f\u0131 bir gelecek temennisinde bulundular.<a href=\"http:\/\/www.sana.sy\/tr\/wp-content\/uploads\/2015\/03\/anneler-g\u00fcn\u00fc-2.jpg\"><img loading=\"lazy\" decoding=\"async\" class=\"alignright wp-image-27154 size-thumbnail\" src=\"http:\/\/www.sana.sy\/tr\/wp-content\/uploads\/2015\/03\/anneler-g\u00fcn\u00fc-2-98x150.jpg\" alt=\"anneler g\u00fcn\u00fc 2\" width=\"98\" height=\"150\" srcset=\"https:\/\/archive.sana.sy\/tr\/wp-content\/uploads\/2015\/03\/anneler-g\u00fcn\u00fc-2-98x150.jpg 98w, https:\/\/archive.sana.sy\/tr\/wp-content\/uploads\/2015\/03\/anneler-g\u00fcn\u00fc-2-196x300.jpg 196w, https:\/\/archive.sana.sy\/tr\/wp-content\/uploads\/2015\/03\/anneler-g\u00fcn\u00fc-2-667x1024.jpg 667w, https:\/\/archive.sana.sy\/tr\/wp-content\/uploads\/2015\/03\/anneler-g\u00fcn\u00fc-2.jpg 1955w\" sizes=\"auto, (max-width: 98px) 100vw, 98px\" \/><\/a><\/p>\n<p>\u015eam Valili\u011fi E\u011fitim B\u00fcrosu Y\u00f6netim Kurulu \u00dcyesi ve Toplumsal-K\u00fclt\u00fcrel Faaliyetler Komisyonu Ba\u015fkan\u0131 Cumana el Nuri, bu etkinliklerin vefa, \u00f6zveri ve c\u00f6mertli\u011fin timsali olan annelerimizin fedakarl\u0131klar\u0131n\u0131 takdirin bir yans\u0131mas\u0131 oldu\u011funu dile getirdi.<\/p>\n<p>F.B. &#8211; R.H.<\/p>\n","protected":false},"excerpt":{"rendered":"<p>\u015eAM \u2013 \u015eam Valili\u011fi Meclisi Toplumsal ve K\u00fclt\u00fcr Faaliyetler Komisyonu, anneler g\u00fcn\u00fc m\u00fcnasebetiyle Zablatani ve Mezze semtlerinde annelerin onuruna bir etkinlik d\u00fczenledi. Etkinliklerde bu anlaml\u0131 kutlama nedeniyle valili\u011fe te\u015fekk\u00fcrlerini sunan anneler, anneler g\u00fcn\u00fcn\u00fcn bar\u0131\u015f, huzur ve karde\u015flik ortam\u0131nda kutlanaca\u011f\u0131 bir gelecek temennisinde bulundular. \u015eam Valili\u011fi E\u011fitim B\u00fcrosu Y\u00f6netim Kurulu \u00dcyesi ve Toplumsal-K\u00fclt\u00fcrel Faaliyetler Komisyonu Ba\u015fkan\u0131 &hellip;<\/p>\n","protected":false},"author":1,"featured_media":27153,"comment_status":"closed","ping_status":"closed","sticky":false,"template":"","format":"standard","meta":{"footnotes":""},"categories":[479,478],"tags":[12770,12769],"class_list":["post-27152","post","type-post","status-publish","format-standard","has-post-thumbnail","","category-haberler-yerel","category-yerel","tag-anneler-gunu-munasebetiyle-zablatani-ve-mezze-semtlerinde-annelerin-onuruna-bir-etkinlik-duzenledi","tag-vefa-ozveri-ve-comertligin-timsali-olan-annelerin-onuruna-toren-duzenlendi-sam-sam-valiligi-meclisi-toplumsal-ve-kultur-faaliyetler-komisyonu"],"_links":{"self":[{"href":"https:\/\/archive.sana.sy\/tr\/index.php?rest_route=\/wp\/v2\/posts\/27152","targetHints":{"allow":["GET"]}}],"collection":[{"href":"https:\/\/archive.sana.sy\/tr\/index.php?rest_route=\/wp\/v2\/posts"}],"about":[{"href":"https:\/\/archive.sana.sy\/tr\/index.php?rest_route=\/wp\/v2\/types\/post"}],"author":[{"embeddable":true,"href":"https:\/\/archive.sana.sy\/tr\/index.php?rest_route=\/wp\/v2\/users\/1"}],"replies":[{"embeddable":true,"href":"https:\/\/archive.sana.sy\/tr\/index.php?rest_route=%2Fwp%2Fv2%2Fcomments&post=27152"}],"version-history":[{"count":0,"href":"https:\/\/archive.sana.sy\/tr\/index.php?rest_route=\/wp\/v2\/posts\/27152\/revisions"}],"wp:featuredmedia":[{"embeddable":true,"href":"https:\/\/archive.sana.sy\/tr\/index.php?rest_route=\/wp\/v2\/media\/27153"}],"wp:attachment":[{"href":"https:\/\/archive.sana.sy\/tr\/index.php?rest_route=%2Fwp%2Fv2%2Fmedia&parent=27152"}],"wp:term":[{"taxonomy":"category","embeddable":true,"href":"https:\/\/archive.sana.sy\/tr\/index.php?rest_route=%2Fwp%2Fv2%2Fcategories&post=27152"},{"taxonomy":"post_tag","embeddable":true,"href":"https:\/\/archive.sana.sy\/tr\/index.php?rest_route=%2Fwp%2Fv2%2Ftags&post=27152"}],"curies":[{"name":"wp","href":"https:\/\/api.w.org\/{rel}","templated":true}]}}