{"id":271522,"date":"2023-01-19T15:19:17","date_gmt":"2023-01-19T13:19:17","guid":{"rendered":"http:\/\/107.6.182.27\/tr\/?p=271522"},"modified":"2023-01-20T08:00:37","modified_gmt":"2023-01-20T06:00:37","slug":"aralarinda-29-kadin-mahkum-ve-150-cocuk-dahil-4-700-filistinli-mahkum-hala-israil-isgali-gozalti-merkezlerinde-veriler","status":"publish","type":"post","link":"https:\/\/archive.sana.sy\/tr\/?p=271522","title":{"rendered":"Aralar\u0131nda 29 Kad\u0131n Mahkum Ve 150 \u00c7ocuk Dahil 4.700 Filistinli Mahkum Hala \u0130srail \u0130\u015fgali G\u00f6zalt\u0131 Merkezlerinde &#8211; Veriler"},"content":{"rendered":"<p><span style=\"color: #800000;\">\u0130\u015eGAL ALTINDAK\u0130 KUD\u00dcS<\/span> &#8211; \u0130srail i\u015fgal otoriteleri, 1948&#8217;de i\u015fgal etti\u011fi Filistin topraklar\u0131ndaki Ara k\u00f6y\u00fcnden 65 ya\u015f\u0131ndaki Filistinli mahkum Mahir Yunus&#8217;u i\u015fgal g\u00f6zalt\u0131 merkezlerinde 40 y\u0131l ge\u00e7irdikten sonra bug\u00fcn serbest b\u0131rakt\u0131.<\/p>\n<p>&#8211; Serbest b\u0131rak\u0131lan Mahir, i\u015fgal hapishanelerinde hala bulunmakta olan binlerce Filistinli tutukludan biri.<\/p>\n<p>&#8211; \u0130srail i\u015fgali, 29&#8217;u kad\u0131n tutuklu ve 150&#8217;si \u00e7ocuk olmak \u00fczere 4 bin 700 tutukluyu al\u0131koymaya devam ediyor.<\/p>\n<p>&#8211; 1993&#8217;ten bu yana tutuklananlar\u0131n say\u0131s\u0131 135 bine ula\u015ft\u0131, bunlar\u0131n 20 bini k\u0131z ve erkek \u00e7ocuk.<\/p>\n<p>&#8211; Filistinli insan haklar\u0131 \u00f6rg\u00fctleri, 1967&#8217;den beri i\u015fgalcilerin 16.000&#8217;den fazla Filistinli kad\u0131n\u0131 tutuklad\u0131\u011f\u0131n\u0131 belgeledi.<\/p>\n<p>&#8211; 24&#8217;\u00fc kanser ve \u00e7e\u015fitli derecelerde t\u00fcm\u00f6rler olmak \u00fczere 200&#8217;\u00fc kronik hastal\u0131k olmak \u00fczere hasta mahpus say\u0131s\u0131 600&#8217;\u00fc a\u015ft\u0131.<\/p>\n<p>&#8211; Esir hareketinin \u015fehit say\u0131s\u0131 233&#8217;e ula\u015ft\u0131.<\/p>\n<p>&#8211; M\u00fcebbet hapis cezas\u0131n\u0131 \u00e7eken mahkum say\u0131s\u0131 551&#8217;e ula\u015ft\u0131.<\/p>\n<p>&#8211; \u0130\u015fgalciler, g\u00f6zalt\u0131 merkezlerinde \u015fehit olan 11 tutsa\u011f\u0131n cenazesini tutuyor.<\/p>\n<p>&#8211; Mahir Yunus bug\u00fcn \u00f6zg\u00fcrl\u00fc\u011f\u00fcne kavu\u015ftuktan sonra, 1993 \u00f6ncesinden beri g\u00f6zalt\u0131nda tutulan 23 tutuklu i\u015fgal g\u00f6zalt\u0131 merkezlerinde kalmaya devam ediyor.<\/p>\n<p>&#8211; 2022 y\u0131l\u0131 sonuna kadar tutukluluk s\u00fcresi 20 y\u0131l\u0131 a\u015fanlar\u0131n say\u0131s\u0131 214&#8217;e ula\u015ft\u0131.<\/p>\n<p><a href=\"https:\/\/t.me\/SuriyeArapHaberAjansI\">Telegram Kanal\u0131m\u0131z\u00a0<\/a><\/p>\n<p><a href=\"https:\/\/www.facebook.com\/SANAHaberAjansi\/\">Facebook Sayfam\u0131z<\/a><\/p>\n","protected":false},"excerpt":{"rendered":"<p>\u0130\u015eGAL ALTINDAK\u0130 KUD\u00dcS &#8211; \u0130srail i\u015fgal otoriteleri, 1948&#8217;de i\u015fgal etti\u011fi Filistin topraklar\u0131ndaki Ara k\u00f6y\u00fcnden 65 ya\u015f\u0131ndaki Filistinli mahkum Mahir Yunus&#8217;u i\u015fgal g\u00f6zalt\u0131 merkezlerinde 40 y\u0131l ge\u00e7irdikten sonra bug\u00fcn serbest b\u0131rakt\u0131. &#8211; Serbest b\u0131rak\u0131lan Mahir, i\u015fgal hapishanelerinde hala bulunmakta olan binlerce Filistinli tutukludan biri. &#8211; \u0130srail i\u015fgali, 29&#8217;u kad\u0131n tutuklu ve 150&#8217;si \u00e7ocuk olmak \u00fczere 4 &hellip;<\/p>\n","protected":false},"author":1,"featured_media":271523,"comment_status":"closed","ping_status":"closed","sticky":false,"template":"","format":"standard","meta":{"footnotes":""},"categories":[458,459,17988],"tags":[],"class_list":["post-271522","post","type-post","status-publish","format-standard","has-post-thumbnail","","category-dunya1","category-haberler-arap-uluslararasi-politika","category-son-haberler"],"_links":{"self":[{"href":"https:\/\/archive.sana.sy\/tr\/index.php?rest_route=\/wp\/v2\/posts\/271522","targetHints":{"allow":["GET"]}}],"collection":[{"href":"https:\/\/archive.sana.sy\/tr\/index.php?rest_route=\/wp\/v2\/posts"}],"about":[{"href":"https:\/\/archive.sana.sy\/tr\/index.php?rest_route=\/wp\/v2\/types\/post"}],"author":[{"embeddable":true,"href":"https:\/\/archive.sana.sy\/tr\/index.php?rest_route=\/wp\/v2\/users\/1"}],"replies":[{"embeddable":true,"href":"https:\/\/archive.sana.sy\/tr\/index.php?rest_route=%2Fwp%2Fv2%2Fcomments&post=271522"}],"version-history":[{"count":0,"href":"https:\/\/archive.sana.sy\/tr\/index.php?rest_route=\/wp\/v2\/posts\/271522\/revisions"}],"wp:featuredmedia":[{"embeddable":true,"href":"https:\/\/archive.sana.sy\/tr\/index.php?rest_route=\/wp\/v2\/media\/271523"}],"wp:attachment":[{"href":"https:\/\/archive.sana.sy\/tr\/index.php?rest_route=%2Fwp%2Fv2%2Fmedia&parent=271522"}],"wp:term":[{"taxonomy":"category","embeddable":true,"href":"https:\/\/archive.sana.sy\/tr\/index.php?rest_route=%2Fwp%2Fv2%2Fcategories&post=271522"},{"taxonomy":"post_tag","embeddable":true,"href":"https:\/\/archive.sana.sy\/tr\/index.php?rest_route=%2Fwp%2Fv2%2Ftags&post=271522"}],"curies":[{"name":"wp","href":"https:\/\/api.w.org\/{rel}","templated":true}]}}