{"id":271574,"date":"2023-01-20T20:39:06","date_gmt":"2023-01-20T18:39:06","guid":{"rendered":"http:\/\/107.6.182.27\/tr\/?p=271574"},"modified":"2023-01-20T20:39:06","modified_gmt":"2023-01-20T18:39:06","slug":"suriyenin-katilimiyla-libya-uluslararasi-siber-guvenlik-konferansi-yarin-basliyor","status":"publish","type":"post","link":"https:\/\/archive.sana.sy\/tr\/?p=271574","title":{"rendered":"Suriye&#8217;nin kat\u0131l\u0131m\u0131yla Libya Uluslararas\u0131 Siber G\u00fcvenlik Konferans\u0131 Yar\u0131n Ba\u015fl\u0131yor"},"content":{"rendered":"<p style=\"text-align: justify;\">B\u0130NGAZ\u0130 &#8211; Toplumun g\u00fcvenlik, hukuk, adli ve insani alanlarda kar\u015f\u0131 kar\u015f\u0131ya oldu\u011fu tehditlerin boyutlar\u0131n\u0131 tespit etmek ve bunlarla y\u00fczle\u015fme yollar\u0131n\u0131 belirlemek ve m\u00fccadele etmek amac\u0131yla yar\u0131n Libya&#8217;n\u0131n Bingazi kentinde Suriye&#8217;nin kat\u0131l\u0131m\u0131yla Libya Uluslararas\u0131 Siber G\u00fcvenlik Konferans\u0131 ba\u015flayacak.<\/p>\n<p style=\"text-align: justify;\">Libya Ulusal G\u00fcvenlik Dan\u0131\u015fman\u0131 ve Konferans Ba\u015fkan\u0131 \u0130brahim Bu\u015fnaf d\u00fcn, Suriye A\u011f Hizmetleri Ulusal Kurumu Genel M\u00fcd\u00fcr\u00fc Dr. Vesim el C\u00fcneydi ile Tebesti Otelinde d\u00fczenlecek ve bu ay\u0131n 23&#8217;\u00fcne kadar s\u00fcrecek olan konferans\u0131n \u00f6nemimi g\u00f6r\u00fc\u015ft\u00fc.<\/p>\n<p style=\"text-align: justify;\">Konferans\u0131n ba\u015flamas\u0131ndan \u00f6nce, birka\u00e7 Arap \u00fclkesinden temsilcilerin kat\u0131l\u0131m\u0131yla teknik sunumlar, bilimsel deneyler ve Araplar\u0131n siber g\u00fcvenlik deneyimleri \u00fczerine son derece profesyonel tart\u0131\u015fmalar\u0131 i\u00e7eren e\u011fitim \u00e7al\u0131\u015ftaylar\u0131 d\u00fczenlendi.<\/p>\n","protected":false},"excerpt":{"rendered":"<p>B\u0130NGAZ\u0130 &#8211; Toplumun g\u00fcvenlik, hukuk, adli ve insani alanlarda kar\u015f\u0131 kar\u015f\u0131ya oldu\u011fu tehditlerin boyutlar\u0131n\u0131 tespit etmek ve bunlarla y\u00fczle\u015fme yollar\u0131n\u0131 belirlemek ve m\u00fccadele etmek amac\u0131yla yar\u0131n Libya&#8217;n\u0131n Bingazi kentinde Suriye&#8217;nin kat\u0131l\u0131m\u0131yla Libya Uluslararas\u0131 Siber G\u00fcvenlik Konferans\u0131 ba\u015flayacak. Libya Ulusal G\u00fcvenlik Dan\u0131\u015fman\u0131 ve Konferans Ba\u015fkan\u0131 \u0130brahim Bu\u015fnaf d\u00fcn, Suriye A\u011f Hizmetleri Ulusal Kurumu Genel M\u00fcd\u00fcr\u00fc Dr. &hellip;<\/p>\n","protected":false},"author":1,"featured_media":271575,"comment_status":"closed","ping_status":"closed","sticky":false,"template":"","format":"standard","meta":{"footnotes":""},"categories":[498,541,17988],"tags":[],"class_list":["post-271574","post","type-post","status-publish","format-standard","has-post-thumbnail","","category-dunya-turnuvalari","category-haberler","category-son-haberler"],"_links":{"self":[{"href":"https:\/\/archive.sana.sy\/tr\/index.php?rest_route=\/wp\/v2\/posts\/271574","targetHints":{"allow":["GET"]}}],"collection":[{"href":"https:\/\/archive.sana.sy\/tr\/index.php?rest_route=\/wp\/v2\/posts"}],"about":[{"href":"https:\/\/archive.sana.sy\/tr\/index.php?rest_route=\/wp\/v2\/types\/post"}],"author":[{"embeddable":true,"href":"https:\/\/archive.sana.sy\/tr\/index.php?rest_route=\/wp\/v2\/users\/1"}],"replies":[{"embeddable":true,"href":"https:\/\/archive.sana.sy\/tr\/index.php?rest_route=%2Fwp%2Fv2%2Fcomments&post=271574"}],"version-history":[{"count":0,"href":"https:\/\/archive.sana.sy\/tr\/index.php?rest_route=\/wp\/v2\/posts\/271574\/revisions"}],"wp:featuredmedia":[{"embeddable":true,"href":"https:\/\/archive.sana.sy\/tr\/index.php?rest_route=\/wp\/v2\/media\/271575"}],"wp:attachment":[{"href":"https:\/\/archive.sana.sy\/tr\/index.php?rest_route=%2Fwp%2Fv2%2Fmedia&parent=271574"}],"wp:term":[{"taxonomy":"category","embeddable":true,"href":"https:\/\/archive.sana.sy\/tr\/index.php?rest_route=%2Fwp%2Fv2%2Fcategories&post=271574"},{"taxonomy":"post_tag","embeddable":true,"href":"https:\/\/archive.sana.sy\/tr\/index.php?rest_route=%2Fwp%2Fv2%2Ftags&post=271574"}],"curies":[{"name":"wp","href":"https:\/\/api.w.org\/{rel}","templated":true}]}}